{"id":8757,"date":"2025-01-03T21:10:58","date_gmt":"2025-01-03T20:10:58","guid":{"rendered":"https:\/\/www.marianogarau.org\/?p=8757"},"modified":"2025-01-03T21:28:24","modified_gmt":"2025-01-03T20:28:24","slug":"barra-festival","status":"publish","type":"post","link":"https:\/\/www.marianogarau.org\/pl\/barra-festival\/","title":{"rendered":"Festiwal Barra"},"content":{"rendered":"<div  class='flex_column av-2xgp51-6ef349a710c0486eb535adbcbf5acb25 av_one_third  avia-builder-el-0  el_before_av_one_third  avia-builder-el-first  first flex_column_div'     ><p>\n<style type=\"text\/css\" data-created_by=\"avia_inline_auto\" id=\"style-css-av-m5h6wt99-b0af78b3442351779d17acafe553a4ed\">\n.avia-image-container.av-m5h6wt99-b0af78b3442351779d17acafe553a4ed img.avia_image{\nbox-shadow:none;\n}\n.avia-image-container.av-m5h6wt99-b0af78b3442351779d17acafe553a4ed .av-image-caption-overlay-center{\ncolor:#ffffff;\n}\n<\/style>\n<div  class='avia-image-container av-m5h6wt99-b0af78b3442351779d17acafe553a4ed av-styling- avia-align-center  avia-builder-el-1  el_before_av_textblock  avia-builder-el-first'   itemprop=\"image\" itemscope=\"itemscope\" itemtype=\"https:\/\/schema.org\/ImageObject\" ><div class=\"avia-image-container-inner\"><div class=\"avia-image-overlay-wrap\"><img decoding=\"async\" fetchpriority=\"high\" class='wp-image-8758 avia-img-lazy-loading-not-8758 avia_image' src=\"https:\/\/www.marianogarau.org\/wp-content\/uploads\/2025\/01\/469863766_10226198014393885_7533722285998882408_n-1030x773.jpg\" alt='' title=''  height=\"773\" width=\"1030\"  itemprop=\"thumbnailUrl\" srcset=\"https:\/\/www.marianogarau.org\/wp-content\/uploads\/2025\/01\/469863766_10226198014393885_7533722285998882408_n-1030x773.jpg 1030w, https:\/\/www.marianogarau.org\/wp-content\/uploads\/2025\/01\/469863766_10226198014393885_7533722285998882408_n-300x225.jpg 300w, https:\/\/www.marianogarau.org\/wp-content\/uploads\/2025\/01\/469863766_10226198014393885_7533722285998882408_n-768x576.jpg 768w, https:\/\/www.marianogarau.org\/wp-content\/uploads\/2025\/01\/469863766_10226198014393885_7533722285998882408_n-16x12.jpg 16w, https:\/\/www.marianogarau.org\/wp-content\/uploads\/2025\/01\/469863766_10226198014393885_7533722285998882408_n-705x529.jpg 705w, https:\/\/www.marianogarau.org\/wp-content\/uploads\/2025\/01\/469863766_10226198014393885_7533722285998882408_n.jpg 1080w\" sizes=\"(max-width: 1030px) 100vw, 1030px\" \/><\/div><\/div><\/div><br \/>\n<section  class='av_textblock_section av-m5h7d4l7-ca3786afc4283db821d09ae9f0639139'   itemscope=\"itemscope\" itemtype=\"https:\/\/schema.org\/BlogPosting\" itemprop=\"blogPost\" ><div class='avia_textblock'  itemprop=\"text\" ><h3 style=\"text-align: center;\"><span style=\"color: #993300;\"><strong>Ch\u00f3r Sonora Musica,<\/strong><\/span><\/h3>\n<h3 style=\"text-align: center;\"><span style=\"color: #993300;\"><strong>pod dyrekcj\u0105 Maestro Ciro Montelli<\/strong><\/span><\/h3>\n<\/div><\/section><\/p><\/div><div  class='flex_column av-9iwpx-92811d7180a4b3e34138f7e211bf05b6 av_one_third  avia-builder-el-3  el_after_av_one_third  el_before_av_one_third  flex_column_div'     ><section  class='av_textblock_section av-m5h7043u-c8fbcdf4afdce886e91cac184f32e4cf'   itemscope=\"itemscope\" itemtype=\"https:\/\/schema.org\/BlogPosting\" itemprop=\"blogPost\" ><div class='avia_textblock'  itemprop=\"text\" ><p>4 stycznia 2025 r. o godz. 19:00 w sugestywnej scenerii Chiesa Santa Maria della Sanit\u00e0 w Barra w Neapolu odb\u0119dzie si\u0119 Barra Festival, wydarzenie po\u015bwi\u0119cone muzyce ch\u00f3ralnej i kulturze. Organizowany pod patronatem lokalnych w\u0142adz i oficjalnych sponsor\u00f3w festiwal zapowiada niezapomniany wiecz\u00f3r.<\/p>\n<p>Wydarzenie u\u015bwietni wyst\u0119p Coro Sonora Musica pod dyrekcj\u0105 Maestro Ciro Montelli. W programie znajd\u0105 si\u0119 utwory niezwyk\u0142ej urody, w tym:<\/p>\n<p>Starry Night by <strong>Mariano Garau<\/strong><\/p>\n<p>Ubi Caritas z Gjielo<\/p>\n<p>Surge Illuminate by <strong>Mariano Garau<\/strong><\/p>\n<p>O przyjd\u017a, o przyjd\u017a Emmanuelu<\/p>\n<p>Cantate Domino Jenkinsa<\/p>\n<p>Quanno Nascett' Ninno autorstwa \u015bw. Alfonsa Marii de' Liguori<\/p>\n<p>Astro del Ciel<\/p>\n<p>ARTY\u015aCI I MUZYCY<\/p>\n<p>Akompaniament muzyczny zapewni bardzo utalentowany zesp\u00f3\u0142:<\/p>\n<p>Francesco Appollonio przy fortepianie<\/p>\n<p>Salvatore Ruggiero (skrzypce 1)<\/p>\n<p>Marco Esposito (skrzypce 2)<\/p>\n<p>Luca de Angelis (alt\u00f3wka)<\/p>\n<p>Filippo Siano (wiolonczela)<\/p>\n<\/div><\/section><\/div><\/p>\n<div  class='flex_column av-2bz5x1-eead3b14bcbee4c5861fedf408d4f023 av_one_third  avia-builder-el-5  el_after_av_one_third  avia-builder-el-last  flex_column_div'     ><p>\n<style type=\"text\/css\" data-created_by=\"avia_inline_auto\" id=\"style-css-av-m5h73ds6-3b5c45939aedda319d9ca2b6322b4864\">\n.avia-image-container.av-m5h73ds6-3b5c45939aedda319d9ca2b6322b4864 img.avia_image{\nbox-shadow:none;\n}\n.avia-image-container.av-m5h73ds6-3b5c45939aedda319d9ca2b6322b4864 .av-image-caption-overlay-center{\ncolor:#ffffff;\n}\n<\/style>\n<div  class='avia-image-container av-m5h73ds6-3b5c45939aedda319d9ca2b6322b4864 av-styling- avia-align-center  avia-builder-el-6  el_before_av_textblock  avia-builder-el-first'   itemprop=\"image\" itemscope=\"itemscope\" itemtype=\"https:\/\/schema.org\/ImageObject\" ><div class=\"avia-image-container-inner\"><div class=\"avia-image-overlay-wrap\"><img decoding=\"async\" fetchpriority=\"high\" class='wp-image-8762 avia-img-lazy-loading-not-8762 avia_image' src=\"https:\/\/www.marianogarau.org\/wp-content\/uploads\/2025\/01\/Chiesa_San_Domenico_Barra_Napoli_1-772x1030.jpeg\" alt='' title='Ko\u015bci\u00f3\u0142_San_Domenico_Barra_Naples_1'  height=\"1030\" width=\"772\"  itemprop=\"thumbnailUrl\" srcset=\"https:\/\/www.marianogarau.org\/wp-content\/uploads\/2025\/01\/Chiesa_San_Domenico_Barra_Napoli_1-772x1030.jpeg 772w, https:\/\/www.marianogarau.org\/wp-content\/uploads\/2025\/01\/Chiesa_San_Domenico_Barra_Napoli_1-225x300.jpeg 225w, https:\/\/www.marianogarau.org\/wp-content\/uploads\/2025\/01\/Chiesa_San_Domenico_Barra_Napoli_1-768x1024.jpeg 768w, https:\/\/www.marianogarau.org\/wp-content\/uploads\/2025\/01\/Chiesa_San_Domenico_Barra_Napoli_1-9x12.jpeg 9w, https:\/\/www.marianogarau.org\/wp-content\/uploads\/2025\/01\/Chiesa_San_Domenico_Barra_Napoli_1-529x705.jpeg 529w, https:\/\/www.marianogarau.org\/wp-content\/uploads\/2025\/01\/Chiesa_San_Domenico_Barra_Napoli_1.jpeg 800w\" sizes=\"(max-width: 772px) 100vw, 772px\" \/><\/div><\/div><\/div><br \/>\n<section  class='av_textblock_section av-m5h791ua-d7353ab28f45452ca417b65c870f34f2'   itemscope=\"itemscope\" itemtype=\"https:\/\/schema.org\/BlogPosting\" itemprop=\"blogPost\" ><div class='avia_textblock'  itemprop=\"text\" ><h3 style=\"text-align: center;\"><span style=\"color: #993300;\">Ko\u015bci\u00f3\u0142 Santa Maria della Sanit\u00e0 w Barra (Neapol)<\/span><\/h3>\n<\/div><\/section><\/p><\/div>","protected":false},"excerpt":{"rendered":"","protected":false},"author":4,"featured_media":8764,"comment_status":"open","ping_status":"open","sticky":false,"template":"","format":"standard","meta":{"footnotes":""},"categories":[3],"tags":[],"class_list":["post-8757","post","type-post","status-publish","format-standard","has-post-thumbnail","hentry","category-eventi"],"yoast_head":"<!-- This site is optimized with the Yoast SEO plugin v27.5 - https:\/\/yoast.com\/product\/yoast-seo-wordpress\/ -->\n<title>Barra Festival - Mariano Garau - Compositore<\/title>\n<meta name=\"robots\" content=\"index, follow, max-snippet:-1, max-image-preview:large, max-video-preview:-1\" \/>\n<link rel=\"canonical\" href=\"https:\/\/www.marianogarau.org\/pl\/barra-festival\/\" \/>\n<meta property=\"og:locale\" content=\"pl_PL\" \/>\n<meta property=\"og:type\" content=\"article\" \/>\n<meta property=\"og:title\" content=\"Barra Festival - Mariano Garau - Compositore\" \/>\n<meta property=\"og:url\" content=\"https:\/\/www.marianogarau.org\/pl\/barra-festival\/\" \/>\n<meta property=\"og:site_name\" content=\"Mariano Garau - Compositore\" \/>\n<meta property=\"article:published_time\" content=\"2025-01-03T20:10:58+00:00\" \/>\n<meta property=\"article:modified_time\" content=\"2025-01-03T20:28:24+00:00\" \/>\n<meta property=\"og:image\" content=\"https:\/\/www.marianogarau.org\/wp-content\/uploads\/2025\/01\/barra-festival-musica-arte-e-cultura-per-illuminare-lanima.jpg\" \/>\n\t<meta property=\"og:image:width\" content=\"675\" \/>\n\t<meta property=\"og:image:height\" content=\"360\" \/>\n\t<meta property=\"og:image:type\" content=\"image\/jpeg\" \/>\n<meta name=\"author\" content=\"Mariano Garau\" \/>\n<meta name=\"twitter:card\" content=\"summary_large_image\" \/>\n<meta name=\"twitter:creator\" content=\"@MarianoGarau\" \/>\n<meta name=\"twitter:site\" content=\"@MarianoGarau\" \/>\n<meta name=\"twitter:label1\" content=\"Napisane przez\" \/>\n\t<meta name=\"twitter:data1\" content=\"Mariano Garau\" \/>\n\t<meta name=\"twitter:label2\" content=\"Szacowany czas czytania\" \/>\n\t<meta name=\"twitter:data2\" content=\"2 minuty\" \/>\n<script type=\"application\/ld+json\" class=\"yoast-schema-graph\">{\"@context\":\"https:\\\/\\\/schema.org\",\"@graph\":[{\"@type\":\"Article\",\"@id\":\"https:\\\/\\\/www.marianogarau.org\\\/barra-festival\\\/#article\",\"isPartOf\":{\"@id\":\"https:\\\/\\\/www.marianogarau.org\\\/barra-festival\\\/\"},\"author\":{\"name\":\"Mariano Garau\",\"@id\":\"https:\\\/\\\/www.marianogarau.org\\\/#\\\/schema\\\/person\\\/e4d73d58aa8bf49287956511f05bd4b0\"},\"headline\":\"Barra Festival\",\"datePublished\":\"2025-01-03T20:10:58+00:00\",\"dateModified\":\"2025-01-03T20:28:24+00:00\",\"mainEntityOfPage\":{\"@id\":\"https:\\\/\\\/www.marianogarau.org\\\/barra-festival\\\/\"},\"wordCount\":1928,\"commentCount\":0,\"publisher\":{\"@id\":\"https:\\\/\\\/www.marianogarau.org\\\/#\\\/schema\\\/person\\\/e4d73d58aa8bf49287956511f05bd4b0\"},\"image\":{\"@id\":\"https:\\\/\\\/www.marianogarau.org\\\/barra-festival\\\/#primaryimage\"},\"thumbnailUrl\":\"https:\\\/\\\/www.marianogarau.org\\\/wp-content\\\/uploads\\\/2025\\\/01\\\/barra-festival-musica-arte-e-cultura-per-illuminare-lanima.jpg\",\"articleSection\":[\"Eventi\"],\"inLanguage\":\"pl-PL\",\"potentialAction\":[{\"@type\":\"CommentAction\",\"name\":\"Comment\",\"target\":[\"https:\\\/\\\/www.marianogarau.org\\\/barra-festival\\\/#respond\"]}]},{\"@type\":\"WebPage\",\"@id\":\"https:\\\/\\\/www.marianogarau.org\\\/barra-festival\\\/\",\"url\":\"https:\\\/\\\/www.marianogarau.org\\\/barra-festival\\\/\",\"name\":\"Barra Festival - Mariano Garau - Compositore\",\"isPartOf\":{\"@id\":\"https:\\\/\\\/www.marianogarau.org\\\/#website\"},\"primaryImageOfPage\":{\"@id\":\"https:\\\/\\\/www.marianogarau.org\\\/barra-festival\\\/#primaryimage\"},\"image\":{\"@id\":\"https:\\\/\\\/www.marianogarau.org\\\/barra-festival\\\/#primaryimage\"},\"thumbnailUrl\":\"https:\\\/\\\/www.marianogarau.org\\\/wp-content\\\/uploads\\\/2025\\\/01\\\/barra-festival-musica-arte-e-cultura-per-illuminare-lanima.jpg\",\"datePublished\":\"2025-01-03T20:10:58+00:00\",\"dateModified\":\"2025-01-03T20:28:24+00:00\",\"breadcrumb\":{\"@id\":\"https:\\\/\\\/www.marianogarau.org\\\/barra-festival\\\/#breadcrumb\"},\"inLanguage\":\"pl-PL\",\"potentialAction\":[{\"@type\":\"ReadAction\",\"target\":[\"https:\\\/\\\/www.marianogarau.org\\\/barra-festival\\\/\"]}]},{\"@type\":\"ImageObject\",\"inLanguage\":\"pl-PL\",\"@id\":\"https:\\\/\\\/www.marianogarau.org\\\/barra-festival\\\/#primaryimage\",\"url\":\"https:\\\/\\\/www.marianogarau.org\\\/wp-content\\\/uploads\\\/2025\\\/01\\\/barra-festival-musica-arte-e-cultura-per-illuminare-lanima.jpg\",\"contentUrl\":\"https:\\\/\\\/www.marianogarau.org\\\/wp-content\\\/uploads\\\/2025\\\/01\\\/barra-festival-musica-arte-e-cultura-per-illuminare-lanima.jpg\",\"width\":675,\"height\":360},{\"@type\":\"BreadcrumbList\",\"@id\":\"https:\\\/\\\/www.marianogarau.org\\\/barra-festival\\\/#breadcrumb\",\"itemListElement\":[{\"@type\":\"ListItem\",\"position\":1,\"name\":\"Home\",\"item\":\"https:\\\/\\\/www.marianogarau.org\\\/\"},{\"@type\":\"ListItem\",\"position\":2,\"name\":\"Barra Festival\"}]},{\"@type\":\"WebSite\",\"@id\":\"https:\\\/\\\/www.marianogarau.org\\\/#website\",\"url\":\"https:\\\/\\\/www.marianogarau.org\\\/\",\"name\":\"Mariano Garau - Compositore\",\"description\":\"Compositore di Musica\",\"publisher\":{\"@id\":\"https:\\\/\\\/www.marianogarau.org\\\/#\\\/schema\\\/person\\\/e4d73d58aa8bf49287956511f05bd4b0\"},\"potentialAction\":[{\"@type\":\"SearchAction\",\"target\":{\"@type\":\"EntryPoint\",\"urlTemplate\":\"https:\\\/\\\/www.marianogarau.org\\\/?s={search_term_string}\"},\"query-input\":{\"@type\":\"PropertyValueSpecification\",\"valueRequired\":true,\"valueName\":\"search_term_string\"}}],\"inLanguage\":\"pl-PL\"},{\"@type\":[\"Person\",\"Organization\"],\"@id\":\"https:\\\/\\\/www.marianogarau.org\\\/#\\\/schema\\\/person\\\/e4d73d58aa8bf49287956511f05bd4b0\",\"name\":\"Mariano Garau\",\"image\":{\"@type\":\"ImageObject\",\"inLanguage\":\"pl-PL\",\"@id\":\"https:\\\/\\\/www.marianogarau.org\\\/wp-content\\\/uploads\\\/2017\\\/05\\\/MARIANO-GARAU-LOGO-1.png\",\"url\":\"https:\\\/\\\/www.marianogarau.org\\\/wp-content\\\/uploads\\\/2017\\\/05\\\/MARIANO-GARAU-LOGO-1.png\",\"contentUrl\":\"https:\\\/\\\/www.marianogarau.org\\\/wp-content\\\/uploads\\\/2017\\\/05\\\/MARIANO-GARAU-LOGO-1.png\",\"width\":680,\"height\":312,\"caption\":\"Mariano Garau\"},\"logo\":{\"@id\":\"https:\\\/\\\/www.marianogarau.org\\\/wp-content\\\/uploads\\\/2017\\\/05\\\/MARIANO-GARAU-LOGO-1.png\"},\"sameAs\":[\"http:\\\/\\\/www.marianogarau.org\"]}]}<\/script>\n<!-- \/ Yoast SEO plugin. -->","yoast_head_json":{"title":"Barra Festival - Mariano Garau - kompozytor","robots":{"index":"index","follow":"follow","max-snippet":"max-snippet:-1","max-image-preview":"max-image-preview:large","max-video-preview":"max-video-preview:-1"},"canonical":"https:\/\/www.marianogarau.org\/pl\/barra-festival\/","og_locale":"pl_PL","og_type":"article","og_title":"Barra Festival - Mariano Garau - Compositore","og_url":"https:\/\/www.marianogarau.org\/pl\/barra-festival\/","og_site_name":"Mariano Garau - Compositore","article_published_time":"2025-01-03T20:10:58+00:00","article_modified_time":"2025-01-03T20:28:24+00:00","og_image":[{"width":675,"height":360,"url":"https:\/\/www.marianogarau.org\/wp-content\/uploads\/2025\/01\/barra-festival-musica-arte-e-cultura-per-illuminare-lanima.jpg","type":"image\/jpeg"}],"author":"Mariano Garau","twitter_card":"summary_large_image","twitter_creator":"@MarianoGarau","twitter_site":"@MarianoGarau","twitter_misc":{"Napisane przez":"Mariano Garau","Szacowany czas czytania":"2 minuty"},"schema":{"@context":"https:\/\/schema.org","@graph":[{"@type":"Article","@id":"https:\/\/www.marianogarau.org\/barra-festival\/#article","isPartOf":{"@id":"https:\/\/www.marianogarau.org\/barra-festival\/"},"author":{"name":"Mariano Garau","@id":"https:\/\/www.marianogarau.org\/#\/schema\/person\/e4d73d58aa8bf49287956511f05bd4b0"},"headline":"Barra Festival","datePublished":"2025-01-03T20:10:58+00:00","dateModified":"2025-01-03T20:28:24+00:00","mainEntityOfPage":{"@id":"https:\/\/www.marianogarau.org\/barra-festival\/"},"wordCount":1928,"commentCount":0,"publisher":{"@id":"https:\/\/www.marianogarau.org\/#\/schema\/person\/e4d73d58aa8bf49287956511f05bd4b0"},"image":{"@id":"https:\/\/www.marianogarau.org\/barra-festival\/#primaryimage"},"thumbnailUrl":"https:\/\/www.marianogarau.org\/wp-content\/uploads\/2025\/01\/barra-festival-musica-arte-e-cultura-per-illuminare-lanima.jpg","articleSection":["Eventi"],"inLanguage":"pl-PL","potentialAction":[{"@type":"CommentAction","name":"Comment","target":["https:\/\/www.marianogarau.org\/barra-festival\/#respond"]}]},{"@type":"WebPage","@id":"https:\/\/www.marianogarau.org\/barra-festival\/","url":"https:\/\/www.marianogarau.org\/barra-festival\/","name":"Barra Festival - Mariano Garau - kompozytor","isPartOf":{"@id":"https:\/\/www.marianogarau.org\/#website"},"primaryImageOfPage":{"@id":"https:\/\/www.marianogarau.org\/barra-festival\/#primaryimage"},"image":{"@id":"https:\/\/www.marianogarau.org\/barra-festival\/#primaryimage"},"thumbnailUrl":"https:\/\/www.marianogarau.org\/wp-content\/uploads\/2025\/01\/barra-festival-musica-arte-e-cultura-per-illuminare-lanima.jpg","datePublished":"2025-01-03T20:10:58+00:00","dateModified":"2025-01-03T20:28:24+00:00","breadcrumb":{"@id":"https:\/\/www.marianogarau.org\/barra-festival\/#breadcrumb"},"inLanguage":"pl-PL","potentialAction":[{"@type":"ReadAction","target":["https:\/\/www.marianogarau.org\/barra-festival\/"]}]},{"@type":"ImageObject","inLanguage":"pl-PL","@id":"https:\/\/www.marianogarau.org\/barra-festival\/#primaryimage","url":"https:\/\/www.marianogarau.org\/wp-content\/uploads\/2025\/01\/barra-festival-musica-arte-e-cultura-per-illuminare-lanima.jpg","contentUrl":"https:\/\/www.marianogarau.org\/wp-content\/uploads\/2025\/01\/barra-festival-musica-arte-e-cultura-per-illuminare-lanima.jpg","width":675,"height":360},{"@type":"BreadcrumbList","@id":"https:\/\/www.marianogarau.org\/barra-festival\/#breadcrumb","itemListElement":[{"@type":"ListItem","position":1,"name":"Home","item":"https:\/\/www.marianogarau.org\/"},{"@type":"ListItem","position":2,"name":"Barra Festival"}]},{"@type":"WebSite","@id":"https:\/\/www.marianogarau.org\/#website","url":"https:\/\/www.marianogarau.org\/","name":"Mariano Garau - kompozytor","description":"Kompozytor muzyki","publisher":{"@id":"https:\/\/www.marianogarau.org\/#\/schema\/person\/e4d73d58aa8bf49287956511f05bd4b0"},"potentialAction":[{"@type":"SearchAction","target":{"@type":"EntryPoint","urlTemplate":"https:\/\/www.marianogarau.org\/?s={search_term_string}"},"query-input":{"@type":"PropertyValueSpecification","valueRequired":true,"valueName":"search_term_string"}}],"inLanguage":"pl-PL"},{"@type":["Person","Organization"],"@id":"https:\/\/www.marianogarau.org\/#\/schema\/person\/e4d73d58aa8bf49287956511f05bd4b0","name":"Mariano Garau","image":{"@type":"ImageObject","inLanguage":"pl-PL","@id":"https:\/\/www.marianogarau.org\/wp-content\/uploads\/2017\/05\/MARIANO-GARAU-LOGO-1.png","url":"https:\/\/www.marianogarau.org\/wp-content\/uploads\/2017\/05\/MARIANO-GARAU-LOGO-1.png","contentUrl":"https:\/\/www.marianogarau.org\/wp-content\/uploads\/2017\/05\/MARIANO-GARAU-LOGO-1.png","width":680,"height":312,"caption":"Mariano Garau"},"logo":{"@id":"https:\/\/www.marianogarau.org\/wp-content\/uploads\/2017\/05\/MARIANO-GARAU-LOGO-1.png"},"sameAs":["http:\/\/www.marianogarau.org"]}]}},"_links":{"self":[{"href":"https:\/\/www.marianogarau.org\/pl\/wp-json\/wp\/v2\/posts\/8757","targetHints":{"allow":["GET"]}}],"collection":[{"href":"https:\/\/www.marianogarau.org\/pl\/wp-json\/wp\/v2\/posts"}],"about":[{"href":"https:\/\/www.marianogarau.org\/pl\/wp-json\/wp\/v2\/types\/post"}],"author":[{"embeddable":true,"href":"https:\/\/www.marianogarau.org\/pl\/wp-json\/wp\/v2\/users\/4"}],"replies":[{"embeddable":true,"href":"https:\/\/www.marianogarau.org\/pl\/wp-json\/wp\/v2\/comments?post=8757"}],"version-history":[{"count":0,"href":"https:\/\/www.marianogarau.org\/pl\/wp-json\/wp\/v2\/posts\/8757\/revisions"}],"wp:featuredmedia":[{"embeddable":true,"href":"https:\/\/www.marianogarau.org\/pl\/wp-json\/wp\/v2\/media\/8764"}],"wp:attachment":[{"href":"https:\/\/www.marianogarau.org\/pl\/wp-json\/wp\/v2\/media?parent=8757"}],"wp:term":[{"taxonomy":"category","embeddable":true,"href":"https:\/\/www.marianogarau.org\/pl\/wp-json\/wp\/v2\/categories?post=8757"},{"taxonomy":"post_tag","embeddable":true,"href":"https:\/\/www.marianogarau.org\/pl\/wp-json\/wp\/v2\/tags?post=8757"}],"curies":[{"name":"wp","href":"https:\/\/api.w.org\/{rel}","templated":true}]}}