{"id":9386,"date":"2025-06-27T09:29:02","date_gmt":"2025-06-27T07:29:02","guid":{"rendered":"https:\/\/www.marianogarau.org\/?p=9386"},"modified":"2025-09-09T10:17:32","modified_gmt":"2025-09-09T08:17:32","slug":"concorso-corale-nuoro","status":"publish","type":"post","link":"https:\/\/www.marianogarau.org\/fr\/concorso-corale-nuoro\/","title":{"rendered":"Concours de chant choral (Nuoro)"},"content":{"rendered":"<div  class='flex_column av-461nei-583f484d0fd51605495d15e8b8e33120 av_one_third  avia-builder-el-0  el_before_av_one_third  avia-builder-el-first  first flex_column_div'     ><section  class='av_textblock_section av-mdagyr7h-b5a965a34f9288e0ce91dffc2bfa1ea7'   itemscope=\"itemscope\" itemtype=\"https:\/\/schema.org\/BlogPosting\" itemprop=\"blogPost\" ><div class='avia_textblock'  itemprop=\"text\" ><h3 class=\"entry-title\"><a href=\"https:\/\/www.associazioneboborenuvoli.it\/comunicazione-giuria-tecnica-10-concorso-corale-nuoro-patria-dei-cori-2025\/?fbclid=IwY2xjawLopypleHRuA2FlbQIxMQABHoVp3oR6sUS-pi6J5_S8Z-2eWlwcNge-4OoccYmiepvVVxihKS3lStSd6usP_aem_MI8jAuaB--IgGgUk_ZL-HQ\">Comunicazione Giuria tecnica 10\u00b0 Concorso corale \u201cNuoro patria dei cori\u201d 2025<\/a><\/h3>\n<\/div><\/section><br \/>\n\n<style type=\"text\/css\" data-created_by=\"avia_inline_auto\" id=\"style-css-av-mdbtx2p3-3ee734916eef79c82cb1604158e61a26\">\n#top .avia-gallery.av-mdbtx2p3-3ee734916eef79c82cb1604158e61a26 .avia-gallery-thumb a{\nwidth:20%;\n}\n<\/style>\n<div  class='avia-gallery av-mdbtx2p3-3ee734916eef79c82cb1604158e61a26 avia_animate_when_visible  avia-builder-el-2  el_after_av_textblock  avia-builder-el-last  av-hide-gallery-thumbs deactivate_avia_lazyload av-slideshow-ui av-loop-manual-endless av-control-hidden av-navigate-arrows hover-effect av-control-hidden avia-gallery-animate avia-gallery-1'  itemprop=\"image\" itemscope=\"itemscope\" itemtype=\"https:\/\/schema.org\/ImageObject\" ><meta itemprop=\"contentURL\" content=\"https:\/\/www.marianogarau.org\/fr\/concorso-corale-nuoro\/\"><div class='avia-gallery-big-wrapper'><a class='avia-gallery-big fakeLightbox lightbox avia-gallery-big-crop-thumb' href=\"https:\/\/www.marianogarau.org\/wp-content\/uploads\/2025\/06\/IMG-20250710-WA0001.jpg\" data-srcset=\"https:\/\/www.marianogarau.org\/wp-content\/uploads\/2025\/06\/IMG-20250710-WA0001.jpg 230w, https:\/\/www.marianogarau.org\/wp-content\/uploads\/2025\/06\/IMG-20250710-WA0001-11x12.jpg 11w\" data-sizes=\"(max-width: 230px) 100vw, 230px\"  data-onclick='1' title='Mariano Garau' ><span class='avia-gallery-big-inner'  itemprop=\"thumbnailUrl\" ><img decoding=\"async\" fetchpriority=\"high\" class=\"wp-image-9449 avia-img-lazy-loading-not-9449\"  width=\"230\" height=\"252\" src=\"https:\/\/www.marianogarau.org\/wp-content\/uploads\/2025\/06\/IMG-20250710-WA0001.jpg\" title='Mariano Garau' alt='' srcset=\"https:\/\/www.marianogarau.org\/wp-content\/uploads\/2025\/06\/IMG-20250710-WA0001.jpg 230w, https:\/\/www.marianogarau.org\/wp-content\/uploads\/2025\/06\/IMG-20250710-WA0001-11x12.jpg 11w\" sizes=\"(max-width: 230px) 100vw, 230px\" \/><\/span><\/a><\/div><div class='avia-gallery-thumb'><a href=\"https:\/\/www.marianogarau.org\/wp-content\/uploads\/2025\/06\/IMG-20250710-WA0001.jpg\" data-srcset=\"https:\/\/www.marianogarau.org\/wp-content\/uploads\/2025\/06\/IMG-20250710-WA0001.jpg 230w, https:\/\/www.marianogarau.org\/wp-content\/uploads\/2025\/06\/IMG-20250710-WA0001-11x12.jpg 11w\" data-sizes=\"(max-width: 230px) 100vw, 230px\" data-rel='gallery-1' data-prev-img='https:\/\/www.marianogarau.org\/wp-content\/uploads\/2025\/06\/IMG-20250710-WA0001.jpg' class='first_thumb lightbox' data-onclick='1' title='Mariano Garau'  itemprop=\"thumbnailUrl\"  ><img decoding=\"async\" fetchpriority=\"high\" class=\"wp-image-9449 avia-img-lazy-loading-not-9449\"   src=\"https:\/\/www.marianogarau.org\/wp-content\/uploads\/2025\/06\/IMG-20250710-WA0001.jpg\" width=\"230\" height=\"252\"  title='Mariano Garau' alt='' srcset=\"https:\/\/www.marianogarau.org\/wp-content\/uploads\/2025\/06\/IMG-20250710-WA0001.jpg 230w, https:\/\/www.marianogarau.org\/wp-content\/uploads\/2025\/06\/IMG-20250710-WA0001-11x12.jpg 11w\" sizes=\"(max-width: 230px) 100vw, 230px\" \/><div class='big-prev-fake'><img decoding=\"async\" loading=\"lazy\" class=\"wp-image-9449 avia-img-lazy-loading-9449\"  width=\"230\" height=\"252\" src=\"https:\/\/www.marianogarau.org\/wp-content\/uploads\/2025\/06\/IMG-20250710-WA0001.jpg\" title='Mariano Garau' alt='' srcset=\"https:\/\/www.marianogarau.org\/wp-content\/uploads\/2025\/06\/IMG-20250710-WA0001.jpg 230w, https:\/\/www.marianogarau.org\/wp-content\/uploads\/2025\/06\/IMG-20250710-WA0001-11x12.jpg 11w\" sizes=\"auto, (max-width: 230px) 100vw, 230px\" \/><\/div><\/a><a href=\"https:\/\/www.marianogarau.org\/wp-content\/uploads\/2025\/06\/GIOVANNA-DEMURTAS.jpg\" data-srcset=\"https:\/\/www.marianogarau.org\/wp-content\/uploads\/2025\/06\/GIOVANNA-DEMURTAS.jpg 720w, https:\/\/www.marianogarau.org\/wp-content\/uploads\/2025\/06\/GIOVANNA-DEMURTAS-300x298.jpg 300w, https:\/\/www.marianogarau.org\/wp-content\/uploads\/2025\/06\/GIOVANNA-DEMURTAS-80x80.jpg 80w, https:\/\/www.marianogarau.org\/wp-content\/uploads\/2025\/06\/GIOVANNA-DEMURTAS-12x12.jpg 12w, https:\/\/www.marianogarau.org\/wp-content\/uploads\/2025\/06\/GIOVANNA-DEMURTAS-36x36.jpg 36w, https:\/\/www.marianogarau.org\/wp-content\/uploads\/2025\/06\/GIOVANNA-DEMURTAS-180x180.jpg 180w, https:\/\/www.marianogarau.org\/wp-content\/uploads\/2025\/06\/GIOVANNA-DEMURTAS-705x699.jpg 705w\" data-sizes=\"(max-width: 720px) 100vw, 720px\" data-rel='gallery-1' data-prev-img='https:\/\/www.marianogarau.org\/wp-content\/uploads\/2025\/06\/GIOVANNA-DEMURTAS-495x400.jpg' class='lightbox' data-onclick='2' title='Giovanna Demurtas'  itemprop=\"thumbnailUrl\"  ><img decoding=\"async\" fetchpriority=\"high\" class=\"wp-image-9447 avia-img-lazy-loading-not-9447\"   src=\"https:\/\/www.marianogarau.org\/wp-content\/uploads\/2025\/06\/GIOVANNA-DEMURTAS-495x400.jpg\" width=\"495\" height=\"400\"  title='Giovanna Demurtas' alt='' \/><div class='big-prev-fake'><img decoding=\"async\" loading=\"lazy\" class=\"wp-image-9447 avia-img-lazy-loading-9447\"  width=\"495\" height=\"400\" src=\"https:\/\/www.marianogarau.org\/wp-content\/uploads\/2025\/06\/GIOVANNA-DEMURTAS-495x400.jpg\" title='Giovanna Demurtas' alt='' \/><\/div><\/a><a href=\"https:\/\/www.marianogarau.org\/wp-content\/uploads\/2025\/06\/IMG-20250709-WA0020-768x1002-1.jpg\" data-srcset=\"https:\/\/www.marianogarau.org\/wp-content\/uploads\/2025\/06\/IMG-20250709-WA0020-768x1002-1.jpg 768w, https:\/\/www.marianogarau.org\/wp-content\/uploads\/2025\/06\/IMG-20250709-WA0020-768x1002-1-230x300.jpg 230w, https:\/\/www.marianogarau.org\/wp-content\/uploads\/2025\/06\/IMG-20250709-WA0020-768x1002-1-9x12.jpg 9w, https:\/\/www.marianogarau.org\/wp-content\/uploads\/2025\/06\/IMG-20250709-WA0020-768x1002-1-540x705.jpg 540w\" data-sizes=\"(max-width: 768px) 100vw, 768px\" data-rel='gallery-1' data-prev-img='https:\/\/www.marianogarau.org\/wp-content\/uploads\/2025\/06\/IMG-20250709-WA0020-768x1002-1-495x400.jpg' class='lightbox' data-onclick='3' title='Alberto Odone'  itemprop=\"thumbnailUrl\"  ><img decoding=\"async\" fetchpriority=\"high\" class=\"wp-image-9448 avia-img-lazy-loading-not-9448\"   src=\"https:\/\/www.marianogarau.org\/wp-content\/uploads\/2025\/06\/IMG-20250709-WA0020-768x1002-1-495x400.jpg\" width=\"495\" height=\"400\"  title='Alberto Odone' alt='' \/><div class='big-prev-fake'><img decoding=\"async\" loading=\"lazy\" class=\"wp-image-9448 avia-img-lazy-loading-9448\"  width=\"495\" height=\"400\" src=\"https:\/\/www.marianogarau.org\/wp-content\/uploads\/2025\/06\/IMG-20250709-WA0020-768x1002-1-495x400.jpg\" title='Alberto Odone' alt='' \/><\/div><\/a><a href=\"https:\/\/www.marianogarau.org\/wp-content\/uploads\/2025\/06\/PASQUALE-VELENO.jpg\" data-srcset=\"https:\/\/www.marianogarau.org\/wp-content\/uploads\/2025\/06\/PASQUALE-VELENO.jpg 720w, https:\/\/www.marianogarau.org\/wp-content\/uploads\/2025\/06\/PASQUALE-VELENO-300x200.jpg 300w, https:\/\/www.marianogarau.org\/wp-content\/uploads\/2025\/06\/PASQUALE-VELENO-18x12.jpg 18w, https:\/\/www.marianogarau.org\/wp-content\/uploads\/2025\/06\/PASQUALE-VELENO-705x470.jpg 705w\" data-sizes=\"(max-width: 720px) 100vw, 720px\" data-rel='gallery-1' data-prev-img='https:\/\/www.marianogarau.org\/wp-content\/uploads\/2025\/06\/PASQUALE-VELENO-495x400.jpg' class='lightbox' data-onclick='4' title='Pasquale Veleno'  itemprop=\"thumbnailUrl\"  ><img decoding=\"async\" fetchpriority=\"high\" class=\"wp-image-9450 avia-img-lazy-loading-not-9450\"   src=\"https:\/\/www.marianogarau.org\/wp-content\/uploads\/2025\/06\/PASQUALE-VELENO-495x400.jpg\" width=\"495\" height=\"400\"  title='Pasquale Veleno' alt='' \/><div class='big-prev-fake'><img decoding=\"async\" loading=\"lazy\" class=\"wp-image-9450 avia-img-lazy-loading-9450\"  width=\"495\" height=\"400\" src=\"https:\/\/www.marianogarau.org\/wp-content\/uploads\/2025\/06\/PASQUALE-VELENO-495x400.jpg\" title='Pasquale Veleno' alt='' \/><\/div><\/a><a href=\"https:\/\/www.marianogarau.org\/wp-content\/uploads\/2025\/06\/SANDRO-PISANU-550x350-1.jpg\" data-srcset=\"https:\/\/www.marianogarau.org\/wp-content\/uploads\/2025\/06\/SANDRO-PISANU-550x350-1.jpg 550w, https:\/\/www.marianogarau.org\/wp-content\/uploads\/2025\/06\/SANDRO-PISANU-550x350-1-300x191.jpg 300w, https:\/\/www.marianogarau.org\/wp-content\/uploads\/2025\/06\/SANDRO-PISANU-550x350-1-18x12.jpg 18w\" data-sizes=\"(max-width: 550px) 100vw, 550px\" data-rel='gallery-1' data-prev-img='https:\/\/www.marianogarau.org\/wp-content\/uploads\/2025\/06\/SANDRO-PISANU-550x350-1-495x350.jpg' class='lightbox' data-onclick='5' title='Sandro Pisanu'  itemprop=\"thumbnailUrl\"  ><img decoding=\"async\" fetchpriority=\"high\" class=\"wp-image-9451 avia-img-lazy-loading-not-9451\"   src=\"https:\/\/www.marianogarau.org\/wp-content\/uploads\/2025\/06\/SANDRO-PISANU-550x350-1-495x350.jpg\" width=\"495\" height=\"350\"  title='Sandro Pisanu' alt='' srcset=\"https:\/\/www.marianogarau.org\/wp-content\/uploads\/2025\/06\/SANDRO-PISANU-550x350-1-495x350.jpg 495w, https:\/\/www.marianogarau.org\/wp-content\/uploads\/2025\/06\/SANDRO-PISANU-550x350-1-18x12.jpg 18w, https:\/\/www.marianogarau.org\/wp-content\/uploads\/2025\/06\/SANDRO-PISANU-550x350-1-260x185.jpg 260w\" sizes=\"(max-width: 495px) 100vw, 495px\" \/><div class='big-prev-fake'><img decoding=\"async\" loading=\"lazy\" class=\"wp-image-9451 avia-img-lazy-loading-9451\"  width=\"495\" height=\"350\" src=\"https:\/\/www.marianogarau.org\/wp-content\/uploads\/2025\/06\/SANDRO-PISANU-550x350-1-495x350.jpg\" title='Sandro Pisanu' alt='' srcset=\"https:\/\/www.marianogarau.org\/wp-content\/uploads\/2025\/06\/SANDRO-PISANU-550x350-1-495x350.jpg 495w, https:\/\/www.marianogarau.org\/wp-content\/uploads\/2025\/06\/SANDRO-PISANU-550x350-1-18x12.jpg 18w, https:\/\/www.marianogarau.org\/wp-content\/uploads\/2025\/06\/SANDRO-PISANU-550x350-1-260x185.jpg 260w\" sizes=\"auto, (max-width: 495px) 100vw, 495px\" \/><\/div><\/a><\/div><\/div><\/p><\/div><div  class='flex_column av-4kdc7u-b69bfb9f4a22fb8fad86c431ff345d74 av_one_third  avia-builder-el-3  el_after_av_one_third  el_before_av_one_third  flex_column_div'     ><section  class='av_textblock_section av-2lzh2y-fe3f1f83f8b069184994d86f66589149'   itemscope=\"itemscope\" itemtype=\"https:\/\/schema.org\/BlogPosting\" itemprop=\"blogPost\" ><div class='avia_textblock'  itemprop=\"text\" ><p>10\u00b0 Concorso Corale Internazionale \u201cNuoro Patria dei Cori\u201d 4-5 Ottobre 2025<\/p>\n<p>10\u00b0 CONCORSO CORALE INTERNAZIONALE \u201cNUORO PATRIA DEI CORI\u201d 4-5 OTTOBRE 2025<\/p>\n<p>Con il patrocinio della Fondazione di Sardegna e della Federazione Chorus Inside International:<\/p>\n<p>10\u00b0 Concorso corale internazionale \u201cNuoro patria dei cori\u201d 4-5 ottobre 2025<\/p>\n<p>Si riparte!<\/p>\n<p>Pubblicato il bando per la partecipazione al 10\u00b0 Concorso corale internazionale riservato a cori tradizionali e corali di polifonia classica denominato \u201cNuoro patria dei cori\u201d.<\/p>\n<p>Il Concorso \u00e8 riservato a complessi corali con sede in Italia, anche giovanili e di voci bianche, che operano nello spirito amatoriale.<\/p>\n<p>La scadenza per la presentazione delle domande \u00e8 fissata al 30 giugno 2025 con integrazione delle domande entro e non oltre il 31 agosto 2025.<\/p>\n<p>La fase finale \u00e8 in programma sabato 4 e domenica 5 ottobre 2025 al Teatro Eliseo di Nuoro.<\/p>\n<p>Sono previste cinque sezioni:<\/p>\n<p>Sezione A) Cori che presentano brani non editi, categoria cori maschili;<\/p>\n<p>Sezione B) Cori che presentano brani non editi, categoria cori femminili;<\/p>\n<p>Sezione C) Cori che presentano brani non editi, categoria cori misti;<\/p>\n<p>Sezione D) Cori che presentano brani tradizionali e di ispirazione popolare, cori maschili, femminili e misti;<\/p>\n<p>Sezione E) Cori che presentano brani di musica corale (non di ispirazione popolare) o di polifonia classica, cori maschili, femminili e misti.<\/p>\n<\/div><\/section><\/div><\/p>\n<div  class='flex_column av-b6aju-a9807b5b64db4003b2b2fea930a7fb4b av_one_third  avia-builder-el-5  el_after_av_one_third  avia-builder-el-last  flex_column_div'     ><style type=\"text\/css\" data-created_by=\"avia_inline_auto\" id=\"style-css-av-mfca0cgx-1abf3d6e0a4f17ab0289a903e8350d7a\">\n.avia-image-container.av-mfca0cgx-1abf3d6e0a4f17ab0289a903e8350d7a img.avia_image{\nbox-shadow:none;\n}\n.avia-image-container.av-mfca0cgx-1abf3d6e0a4f17ab0289a903e8350d7a .av-image-caption-overlay-center{\ncolor:#ffffff;\n}\n<\/style>\n<div  class='avia-image-container av-mfca0cgx-1abf3d6e0a4f17ab0289a903e8350d7a av-styling- avia-align-center  avia-builder-el-6  avia-builder-el-no-sibling'   itemprop=\"image\" itemscope=\"itemscope\" itemtype=\"https:\/\/schema.org\/ImageObject\" ><div class=\"avia-image-container-inner\"><div class=\"avia-image-overlay-wrap\"><img decoding=\"async\" fetchpriority=\"high\" class='wp-image-9577 avia-img-lazy-loading-not-9577 avia_image' src=\"https:\/\/www.marianogarau.org\/wp-content\/uploads\/2025\/06\/Immagine-WhatsApp-2025-09-08-ore-19.26.53_c7282ccc.jpg\" alt='' title=''  height=\"983\" width=\"717\"  itemprop=\"thumbnailUrl\" srcset=\"https:\/\/www.marianogarau.org\/wp-content\/uploads\/2025\/06\/Immagine-WhatsApp-2025-09-08-ore-19.26.53_c7282ccc.jpg 717w, https:\/\/www.marianogarau.org\/wp-content\/uploads\/2025\/06\/Immagine-WhatsApp-2025-09-08-ore-19.26.53_c7282ccc-219x300.jpg 219w, https:\/\/www.marianogarau.org\/wp-content\/uploads\/2025\/06\/Immagine-WhatsApp-2025-09-08-ore-19.26.53_c7282ccc-9x12.jpg 9w, https:\/\/www.marianogarau.org\/wp-content\/uploads\/2025\/06\/Immagine-WhatsApp-2025-09-08-ore-19.26.53_c7282ccc-514x705.jpg 514w\" sizes=\"(max-width: 717px) 100vw, 717px\" \/><\/div><\/div><\/div><\/div>","protected":false},"excerpt":{"rendered":"","protected":false},"author":4,"featured_media":9390,"comment_status":"open","ping_status":"open","sticky":false,"template":"","format":"standard","meta":{"footnotes":""},"categories":[3],"tags":[],"class_list":["post-9386","post","type-post","status-publish","format-standard","has-post-thumbnail","hentry","category-eventi"],"yoast_head":"<!-- This site is optimized with the Yoast SEO plugin v27.5 - https:\/\/yoast.com\/product\/yoast-seo-wordpress\/ -->\n<title>Concorso Corale (Nuoro) - Mariano Garau - Compositore<\/title>\n<meta name=\"robots\" content=\"index, follow, max-snippet:-1, max-image-preview:large, max-video-preview:-1\" \/>\n<link rel=\"canonical\" href=\"https:\/\/www.marianogarau.org\/fr\/concorso-corale-nuoro\/\" \/>\n<meta property=\"og:locale\" content=\"fr_FR\" \/>\n<meta property=\"og:type\" content=\"article\" \/>\n<meta property=\"og:title\" content=\"Concorso Corale (Nuoro) - Mariano Garau - Compositore\" \/>\n<meta property=\"og:url\" content=\"https:\/\/www.marianogarau.org\/fr\/concorso-corale-nuoro\/\" \/>\n<meta property=\"og:site_name\" content=\"Mariano Garau - Compositore\" \/>\n<meta property=\"article:published_time\" content=\"2025-06-27T07:29:02+00:00\" \/>\n<meta property=\"article:modified_time\" content=\"2025-09-09T08:17:32+00:00\" \/>\n<meta property=\"og:image\" content=\"https:\/\/www.marianogarau.org\/wp-content\/uploads\/2025\/06\/libro-piccolo.jpg\" \/>\n\t<meta property=\"og:image:width\" content=\"500\" \/>\n\t<meta property=\"og:image:height\" content=\"500\" \/>\n\t<meta property=\"og:image:type\" content=\"image\/jpeg\" \/>\n<meta name=\"author\" content=\"Mariano Garau\" \/>\n<meta name=\"twitter:card\" content=\"summary_large_image\" \/>\n<meta name=\"twitter:creator\" content=\"@MarianoGarau\" \/>\n<meta name=\"twitter:site\" content=\"@MarianoGarau\" \/>\n<meta name=\"twitter:label1\" content=\"\u00c9crit par\" \/>\n\t<meta name=\"twitter:data1\" content=\"Mariano Garau\" \/>\n\t<meta name=\"twitter:label2\" content=\"Dur\u00e9e de lecture estim\u00e9e\" \/>\n\t<meta name=\"twitter:data2\" content=\"4 minutes\" \/>\n<script type=\"application\/ld+json\" class=\"yoast-schema-graph\">{\"@context\":\"https:\\\/\\\/schema.org\",\"@graph\":[{\"@type\":\"Article\",\"@id\":\"https:\\\/\\\/www.marianogarau.org\\\/concorso-corale-nuoro\\\/#article\",\"isPartOf\":{\"@id\":\"https:\\\/\\\/www.marianogarau.org\\\/concorso-corale-nuoro\\\/\"},\"author\":{\"name\":\"Mariano Garau\",\"@id\":\"https:\\\/\\\/www.marianogarau.org\\\/#\\\/schema\\\/person\\\/e4d73d58aa8bf49287956511f05bd4b0\"},\"headline\":\"Concorso Corale (Nuoro)\",\"datePublished\":\"2025-06-27T07:29:02+00:00\",\"dateModified\":\"2025-09-09T08:17:32+00:00\",\"mainEntityOfPage\":{\"@id\":\"https:\\\/\\\/www.marianogarau.org\\\/concorso-corale-nuoro\\\/\"},\"wordCount\":1701,\"commentCount\":0,\"publisher\":{\"@id\":\"https:\\\/\\\/www.marianogarau.org\\\/#\\\/schema\\\/person\\\/e4d73d58aa8bf49287956511f05bd4b0\"},\"image\":{\"@id\":\"https:\\\/\\\/www.marianogarau.org\\\/concorso-corale-nuoro\\\/#primaryimage\"},\"thumbnailUrl\":\"https:\\\/\\\/www.marianogarau.org\\\/wp-content\\\/uploads\\\/2025\\\/06\\\/libro-piccolo.jpg\",\"articleSection\":[\"Eventi\"],\"inLanguage\":\"fr-FR\",\"potentialAction\":[{\"@type\":\"CommentAction\",\"name\":\"Comment\",\"target\":[\"https:\\\/\\\/www.marianogarau.org\\\/concorso-corale-nuoro\\\/#respond\"]}]},{\"@type\":\"WebPage\",\"@id\":\"https:\\\/\\\/www.marianogarau.org\\\/concorso-corale-nuoro\\\/\",\"url\":\"https:\\\/\\\/www.marianogarau.org\\\/concorso-corale-nuoro\\\/\",\"name\":\"Concorso Corale (Nuoro) - Mariano Garau - Compositore\",\"isPartOf\":{\"@id\":\"https:\\\/\\\/www.marianogarau.org\\\/#website\"},\"primaryImageOfPage\":{\"@id\":\"https:\\\/\\\/www.marianogarau.org\\\/concorso-corale-nuoro\\\/#primaryimage\"},\"image\":{\"@id\":\"https:\\\/\\\/www.marianogarau.org\\\/concorso-corale-nuoro\\\/#primaryimage\"},\"thumbnailUrl\":\"https:\\\/\\\/www.marianogarau.org\\\/wp-content\\\/uploads\\\/2025\\\/06\\\/libro-piccolo.jpg\",\"datePublished\":\"2025-06-27T07:29:02+00:00\",\"dateModified\":\"2025-09-09T08:17:32+00:00\",\"breadcrumb\":{\"@id\":\"https:\\\/\\\/www.marianogarau.org\\\/concorso-corale-nuoro\\\/#breadcrumb\"},\"inLanguage\":\"fr-FR\",\"potentialAction\":[{\"@type\":\"ReadAction\",\"target\":[\"https:\\\/\\\/www.marianogarau.org\\\/concorso-corale-nuoro\\\/\"]}]},{\"@type\":\"ImageObject\",\"inLanguage\":\"fr-FR\",\"@id\":\"https:\\\/\\\/www.marianogarau.org\\\/concorso-corale-nuoro\\\/#primaryimage\",\"url\":\"https:\\\/\\\/www.marianogarau.org\\\/wp-content\\\/uploads\\\/2025\\\/06\\\/libro-piccolo.jpg\",\"contentUrl\":\"https:\\\/\\\/www.marianogarau.org\\\/wp-content\\\/uploads\\\/2025\\\/06\\\/libro-piccolo.jpg\",\"width\":500,\"height\":500},{\"@type\":\"BreadcrumbList\",\"@id\":\"https:\\\/\\\/www.marianogarau.org\\\/concorso-corale-nuoro\\\/#breadcrumb\",\"itemListElement\":[{\"@type\":\"ListItem\",\"position\":1,\"name\":\"Home\",\"item\":\"https:\\\/\\\/www.marianogarau.org\\\/\"},{\"@type\":\"ListItem\",\"position\":2,\"name\":\"Concorso Corale (Nuoro)\"}]},{\"@type\":\"WebSite\",\"@id\":\"https:\\\/\\\/www.marianogarau.org\\\/#website\",\"url\":\"https:\\\/\\\/www.marianogarau.org\\\/\",\"name\":\"Mariano Garau - Compositore\",\"description\":\"Compositore di Musica\",\"publisher\":{\"@id\":\"https:\\\/\\\/www.marianogarau.org\\\/#\\\/schema\\\/person\\\/e4d73d58aa8bf49287956511f05bd4b0\"},\"potentialAction\":[{\"@type\":\"SearchAction\",\"target\":{\"@type\":\"EntryPoint\",\"urlTemplate\":\"https:\\\/\\\/www.marianogarau.org\\\/?s={search_term_string}\"},\"query-input\":{\"@type\":\"PropertyValueSpecification\",\"valueRequired\":true,\"valueName\":\"search_term_string\"}}],\"inLanguage\":\"fr-FR\"},{\"@type\":[\"Person\",\"Organization\"],\"@id\":\"https:\\\/\\\/www.marianogarau.org\\\/#\\\/schema\\\/person\\\/e4d73d58aa8bf49287956511f05bd4b0\",\"name\":\"Mariano Garau\",\"image\":{\"@type\":\"ImageObject\",\"inLanguage\":\"fr-FR\",\"@id\":\"https:\\\/\\\/www.marianogarau.org\\\/wp-content\\\/uploads\\\/2017\\\/05\\\/MARIANO-GARAU-LOGO-1.png\",\"url\":\"https:\\\/\\\/www.marianogarau.org\\\/wp-content\\\/uploads\\\/2017\\\/05\\\/MARIANO-GARAU-LOGO-1.png\",\"contentUrl\":\"https:\\\/\\\/www.marianogarau.org\\\/wp-content\\\/uploads\\\/2017\\\/05\\\/MARIANO-GARAU-LOGO-1.png\",\"width\":680,\"height\":312,\"caption\":\"Mariano Garau\"},\"logo\":{\"@id\":\"https:\\\/\\\/www.marianogarau.org\\\/wp-content\\\/uploads\\\/2017\\\/05\\\/MARIANO-GARAU-LOGO-1.png\"},\"sameAs\":[\"http:\\\/\\\/www.marianogarau.org\"]}]}<\/script>\n<!-- \/ Yoast SEO plugin. -->","yoast_head_json":{"title":"Concorso Corale (Nuoro) - Mariano Garau - Compositore","robots":{"index":"index","follow":"follow","max-snippet":"max-snippet:-1","max-image-preview":"max-image-preview:large","max-video-preview":"max-video-preview:-1"},"canonical":"https:\/\/www.marianogarau.org\/fr\/concorso-corale-nuoro\/","og_locale":"fr_FR","og_type":"article","og_title":"Concorso Corale (Nuoro) - Mariano Garau - Compositore","og_url":"https:\/\/www.marianogarau.org\/fr\/concorso-corale-nuoro\/","og_site_name":"Mariano Garau - Compositore","article_published_time":"2025-06-27T07:29:02+00:00","article_modified_time":"2025-09-09T08:17:32+00:00","og_image":[{"width":500,"height":500,"url":"https:\/\/www.marianogarau.org\/wp-content\/uploads\/2025\/06\/libro-piccolo.jpg","type":"image\/jpeg"}],"author":"Mariano Garau","twitter_card":"summary_large_image","twitter_creator":"@MarianoGarau","twitter_site":"@MarianoGarau","twitter_misc":{"\u00c9crit par":"Mariano Garau","Dur\u00e9e de lecture estim\u00e9e":"4 minutes"},"schema":{"@context":"https:\/\/schema.org","@graph":[{"@type":"Article","@id":"https:\/\/www.marianogarau.org\/concorso-corale-nuoro\/#article","isPartOf":{"@id":"https:\/\/www.marianogarau.org\/concorso-corale-nuoro\/"},"author":{"name":"Mariano Garau","@id":"https:\/\/www.marianogarau.org\/#\/schema\/person\/e4d73d58aa8bf49287956511f05bd4b0"},"headline":"Concorso Corale (Nuoro)","datePublished":"2025-06-27T07:29:02+00:00","dateModified":"2025-09-09T08:17:32+00:00","mainEntityOfPage":{"@id":"https:\/\/www.marianogarau.org\/concorso-corale-nuoro\/"},"wordCount":1701,"commentCount":0,"publisher":{"@id":"https:\/\/www.marianogarau.org\/#\/schema\/person\/e4d73d58aa8bf49287956511f05bd4b0"},"image":{"@id":"https:\/\/www.marianogarau.org\/concorso-corale-nuoro\/#primaryimage"},"thumbnailUrl":"https:\/\/www.marianogarau.org\/wp-content\/uploads\/2025\/06\/libro-piccolo.jpg","articleSection":["Eventi"],"inLanguage":"fr-FR","potentialAction":[{"@type":"CommentAction","name":"Comment","target":["https:\/\/www.marianogarau.org\/concorso-corale-nuoro\/#respond"]}]},{"@type":"WebPage","@id":"https:\/\/www.marianogarau.org\/concorso-corale-nuoro\/","url":"https:\/\/www.marianogarau.org\/concorso-corale-nuoro\/","name":"Concorso Corale (Nuoro) - Mariano Garau - Compositore","isPartOf":{"@id":"https:\/\/www.marianogarau.org\/#website"},"primaryImageOfPage":{"@id":"https:\/\/www.marianogarau.org\/concorso-corale-nuoro\/#primaryimage"},"image":{"@id":"https:\/\/www.marianogarau.org\/concorso-corale-nuoro\/#primaryimage"},"thumbnailUrl":"https:\/\/www.marianogarau.org\/wp-content\/uploads\/2025\/06\/libro-piccolo.jpg","datePublished":"2025-06-27T07:29:02+00:00","dateModified":"2025-09-09T08:17:32+00:00","breadcrumb":{"@id":"https:\/\/www.marianogarau.org\/concorso-corale-nuoro\/#breadcrumb"},"inLanguage":"fr-FR","potentialAction":[{"@type":"ReadAction","target":["https:\/\/www.marianogarau.org\/concorso-corale-nuoro\/"]}]},{"@type":"ImageObject","inLanguage":"fr-FR","@id":"https:\/\/www.marianogarau.org\/concorso-corale-nuoro\/#primaryimage","url":"https:\/\/www.marianogarau.org\/wp-content\/uploads\/2025\/06\/libro-piccolo.jpg","contentUrl":"https:\/\/www.marianogarau.org\/wp-content\/uploads\/2025\/06\/libro-piccolo.jpg","width":500,"height":500},{"@type":"BreadcrumbList","@id":"https:\/\/www.marianogarau.org\/concorso-corale-nuoro\/#breadcrumb","itemListElement":[{"@type":"ListItem","position":1,"name":"Home","item":"https:\/\/www.marianogarau.org\/"},{"@type":"ListItem","position":2,"name":"Concorso Corale (Nuoro)"}]},{"@type":"WebSite","@id":"https:\/\/www.marianogarau.org\/#website","url":"https:\/\/www.marianogarau.org\/","name":"Mariano Garau - Compositeur","description":"Compositeur de musique","publisher":{"@id":"https:\/\/www.marianogarau.org\/#\/schema\/person\/e4d73d58aa8bf49287956511f05bd4b0"},"potentialAction":[{"@type":"SearchAction","target":{"@type":"EntryPoint","urlTemplate":"https:\/\/www.marianogarau.org\/?s={search_term_string}"},"query-input":{"@type":"PropertyValueSpecification","valueRequired":true,"valueName":"search_term_string"}}],"inLanguage":"fr-FR"},{"@type":["Person","Organization"],"@id":"https:\/\/www.marianogarau.org\/#\/schema\/person\/e4d73d58aa8bf49287956511f05bd4b0","name":"Mariano Garau","image":{"@type":"ImageObject","inLanguage":"fr-FR","@id":"https:\/\/www.marianogarau.org\/wp-content\/uploads\/2017\/05\/MARIANO-GARAU-LOGO-1.png","url":"https:\/\/www.marianogarau.org\/wp-content\/uploads\/2017\/05\/MARIANO-GARAU-LOGO-1.png","contentUrl":"https:\/\/www.marianogarau.org\/wp-content\/uploads\/2017\/05\/MARIANO-GARAU-LOGO-1.png","width":680,"height":312,"caption":"Mariano Garau"},"logo":{"@id":"https:\/\/www.marianogarau.org\/wp-content\/uploads\/2017\/05\/MARIANO-GARAU-LOGO-1.png"},"sameAs":["http:\/\/www.marianogarau.org"]}]}},"_links":{"self":[{"href":"https:\/\/www.marianogarau.org\/fr\/wp-json\/wp\/v2\/posts\/9386","targetHints":{"allow":["GET"]}}],"collection":[{"href":"https:\/\/www.marianogarau.org\/fr\/wp-json\/wp\/v2\/posts"}],"about":[{"href":"https:\/\/www.marianogarau.org\/fr\/wp-json\/wp\/v2\/types\/post"}],"author":[{"embeddable":true,"href":"https:\/\/www.marianogarau.org\/fr\/wp-json\/wp\/v2\/users\/4"}],"replies":[{"embeddable":true,"href":"https:\/\/www.marianogarau.org\/fr\/wp-json\/wp\/v2\/comments?post=9386"}],"version-history":[{"count":3,"href":"https:\/\/www.marianogarau.org\/fr\/wp-json\/wp\/v2\/posts\/9386\/revisions"}],"predecessor-version":[{"id":9579,"href":"https:\/\/www.marianogarau.org\/fr\/wp-json\/wp\/v2\/posts\/9386\/revisions\/9579"}],"wp:featuredmedia":[{"embeddable":true,"href":"https:\/\/www.marianogarau.org\/fr\/wp-json\/wp\/v2\/media\/9390"}],"wp:attachment":[{"href":"https:\/\/www.marianogarau.org\/fr\/wp-json\/wp\/v2\/media?parent=9386"}],"wp:term":[{"taxonomy":"category","embeddable":true,"href":"https:\/\/www.marianogarau.org\/fr\/wp-json\/wp\/v2\/categories?post=9386"},{"taxonomy":"post_tag","embeddable":true,"href":"https:\/\/www.marianogarau.org\/fr\/wp-json\/wp\/v2\/tags?post=9386"}],"curies":[{"name":"wp","href":"https:\/\/api.w.org\/{rel}","templated":true}]}}