{"id":8862,"date":"2025-02-17T11:19:28","date_gmt":"2025-02-17T10:19:28","guid":{"rendered":"https:\/\/www.marianogarau.org\/?p=8862"},"modified":"2025-02-17T16:36:44","modified_gmt":"2025-02-17T15:36:44","slug":"11-maggio-1920-2","status":"publish","type":"post","link":"https:\/\/www.marianogarau.org\/fr\/11-maggio-1920-2\/","title":{"rendered":"Massacre d'Iglesias"},"content":{"rendered":"<div  class='flex_column av-2nzwpa-bca774fbb99f72329f3d282eab69094f av_one_third  avia-builder-el-0  el_before_av_one_third  avia-builder-el-first  first flex_column_div  '     ><style type=\"text\/css\" data-created_by=\"avia_inline_auto\" id=\"style-css-av-m78wkxto-d9e85facd0b1b0397d4c16880a55df87\">\n.avia-image-container.av-m78wkxto-d9e85facd0b1b0397d4c16880a55df87 img.avia_image{\nbox-shadow:none;\n}\n.avia-image-container.av-m78wkxto-d9e85facd0b1b0397d4c16880a55df87 .av-image-caption-overlay-center{\ncolor:#ffffff;\n}\n<\/style>\n<div  class='avia-image-container av-m78wkxto-d9e85facd0b1b0397d4c16880a55df87 av-styling- avia-align-center  avia-builder-el-1  avia-builder-el-no-sibling '   itemprop=\"image\" itemscope=\"itemscope\" itemtype=\"https:\/\/schema.org\/ImageObject\" ><div class=\"avia-image-container-inner\"><div class=\"avia-image-overlay-wrap\"><img decoding=\"async\" fetchpriority=\"high\" class='wp-image-8863 avia-img-lazy-loading-not-8863 avia_image ' src=\"https:\/\/www.marianogarau.org\/wp-content\/uploads\/2025\/02\/477781774_122200756448230534_8243931943655131593_n.jpg\" alt='' title=''  height=\"540\" width=\"811\"  itemprop=\"thumbnailUrl\" srcset=\"https:\/\/www.marianogarau.org\/wp-content\/uploads\/2025\/02\/477781774_122200756448230534_8243931943655131593_n.jpg 811w, https:\/\/www.marianogarau.org\/wp-content\/uploads\/2025\/02\/477781774_122200756448230534_8243931943655131593_n-300x200.jpg 300w, https:\/\/www.marianogarau.org\/wp-content\/uploads\/2025\/02\/477781774_122200756448230534_8243931943655131593_n-768x511.jpg 768w, https:\/\/www.marianogarau.org\/wp-content\/uploads\/2025\/02\/477781774_122200756448230534_8243931943655131593_n-18x12.jpg 18w, https:\/\/www.marianogarau.org\/wp-content\/uploads\/2025\/02\/477781774_122200756448230534_8243931943655131593_n-705x469.jpg 705w\" sizes=\"(max-width: 811px) 100vw, 811px\" \/><\/div><\/div><\/div><\/div>\n<div  class='flex_column av-32syim-1a0d10f783b6b6f6319dcea5b712f493 av_one_third  avia-builder-el-2  el_after_av_one_third  el_before_av_one_third  flex_column_div  '     ><p><section  class='av_textblock_section av-m78wyygg-9b5ef47be29460e2f9ef0746919f7f5a '   itemscope=\"itemscope\" itemtype=\"https:\/\/schema.org\/BlogPosting\" itemprop=\"blogPost\" ><div class='avia_textblock'  itemprop=\"text\" ><div id=\"wpfp_c790141a036e8be31b84b893e30a2793\" data-item=\"{&quot;sources&quot;:[{&quot;src&quot;:&quot;https:\\\/\\\/www.youtube.com\\\/watch?v=lxvFwaRa0lc&quot;,&quot;type&quot;:&quot;video\\\/youtube&quot;}],&quot;id&quot;:&quot;102&quot;,&quot;splash&quot;:&quot;https:\\\/\\\/i.ytimg.com\\\/vi\\\/lxvFwaRa0lc\\\/maxresdefault.jpg#auto&quot;}\" class=\"flowplayer no-brand is-splash is-paused skin-slim no-svg fp-slim fp-edgy is-youtube\" data-fv-embed=\"https:\/\/www.marianogarau.org\/fr\/11-maggio-1920-2\/fvp-102\/\" style=\"position:relative; max-width: 640px; max-height: 360px; \" data-ratio=\"0.5625\" data-engine=\"fvyoutube\">\n\t<div class=\"fp-ratio\" style=\"padding-top: 56.25%\"><\/div>\n\t<img decoding=\"async\" class=\"fp-splash\" alt=\"video\" src=\"https:\/\/i.ytimg.com\/vi\/lxvFwaRa0lc\/maxresdefault.jpg#auto\" style=\"position:absolute;top:0;width:100%\" \/>\n\t<div class=\"fp-ui\"><noscript>Please enable JavaScript<\/noscript><div class=\"fp-play fp-visible\"><svg class=\"fp-play-sharp-fill\" xmlns=\"http:\/\/www.w3.org\/2000\/svg\" viewBox=\"0 0 100 100\"><defs><style>.fp-color-play{opacity:0.65;}.controlbutton{fill:#fff;}<\/style><\/defs><title>play-sharp-fill<\/title><path class=\"fp-color-play\" d=\"M49.9217-.078a50,50,0,1,0,50,50A50.0564,50.0564,0,0,0,49.9217-.078Z\"\/><polygon class=\"controlbutton\" points=\"73.601 50 37.968 70.573 37.968 29.427 73.601 50\" filter=\"url(#f1)\"\/><\/svg><\/div><div class=\"fp-preload\"><b><\/b><b><\/b><b><\/b><b><\/b><\/div><\/div>\n<div class='fvp-share-bar'><ul class=\"fvp-sharing\">\r\n    <li><a class=\"sharing-facebook\" href=\"https:\/\/www.facebook.com\/sharer\/sharer.php?u=https%3A%2F%2Fwww.marianogarau.org%2Ffr%2F11-maggio-1920-2%2F\" target=\"_blank\"><\/a><\/li>\r\n    <li><a class=\"sharing-twitter\" href=\"https:\/\/twitter.com\/intent\/tweet?text=Mariano+Garau+-+Compositore+&url=https%3A%2F%2Fwww.marianogarau.org%2Ffr%2F11-maggio-1920-2%2F\" target=\"_blank\"><\/a><\/li>\r\n    <li><a class=\"sharing-email\" href=\"mailto:?body=Check%20out%20the%20amazing%20video%20here%3A%20https%3A%2F%2Fwww.marianogarau.org%2Ffr%2F11-maggio-1920-2%2F\" target=\"_blank\"><\/a><\/li><\/ul><div><a class=\"sharing-link\" href=\"https:\/\/www.marianogarau.org\/fr\/11-maggio-1920-2\/\" target=\"_blank\">Link<\/a><\/div><div><label><a class=\"embed-code-toggle\" href=\"#\"><strong>Embed<\/strong><\/a><\/label><\/div><div class=\"embed-code\"><label>Copy and paste this HTML code into your webpage to embed.<\/label><textarea><\/textarea><\/div><\/div>\n<\/div>\n\n<\/div><\/section><br \/>\n<section  class='av_textblock_section av-m797xb82-93436cbe8e4b7fcbf04948660c1afd7a '   itemscope=\"itemscope\" itemtype=\"https:\/\/schema.org\/BlogPosting\" itemprop=\"blogPost\" ><div class='avia_textblock'  itemprop=\"text\" ><p>\u00c8 stato un vero piacere accompagnare con le mie musiche la rievocazione dei tragici fatti del 11 maggio 1920 che, ogni anno, la mia citt\u00e0 organizza per onorare la memoria dei 7 minatori uccisi mentre chiedevano un pezzo di pane per la loro famiglia.<\/p>\n<\/div><\/section><\/p><\/div><div  class='flex_column av-2wo6zi-fd098531a4b449082af3244015a8775c av_one_third  avia-builder-el-5  el_after_av_one_third  avia-builder-el-last  flex_column_div  '     ><style type=\"text\/css\" data-created_by=\"avia_inline_auto\" id=\"style-css-av-m78x4n5g-1bbc535221ccd8ef103a2a970e2e99f6\">\n#top .avia-gallery.av-m78x4n5g-1bbc535221ccd8ef103a2a970e2e99f6 .avia-gallery-thumb a{\nwidth:20%;\n}\n<\/style>\n<div  class='avia-gallery av-m78x4n5g-1bbc535221ccd8ef103a2a970e2e99f6 avia_animate_when_visible  avia-builder-el-6  avia-builder-el-no-sibling  av-hide-gallery-thumbs deactivate_avia_lazyload av-slideshow-ui av-loop-manual-endless av-control-hidden av-navigate-arrows hover-effect av-control-hidden avia-gallery-animate avia-gallery-1'  itemprop=\"image\" itemscope=\"itemscope\" itemtype=\"https:\/\/schema.org\/ImageObject\" ><meta itemprop=\"contentURL\" content=\"https:\/\/www.marianogarau.org\/fr\/11-maggio-1920-2\/\"><div class='avia-gallery-big-wrapper'><a class='avia-gallery-big fakeLightbox lightbox avia-gallery-big-crop-thumb ' href=\"https:\/\/www.marianogarau.org\/wp-content\/uploads\/2025\/02\/475847391_122199085634230534_2816494477536955692_n.jpg\" data-srcset=\"https:\/\/www.marianogarau.org\/wp-content\/uploads\/2025\/02\/475847391_122199085634230534_2816494477536955692_n.jpg 509w, https:\/\/www.marianogarau.org\/wp-content\/uploads\/2025\/02\/475847391_122199085634230534_2816494477536955692_n-212x300.jpg 212w, https:\/\/www.marianogarau.org\/wp-content\/uploads\/2025\/02\/475847391_122199085634230534_2816494477536955692_n-8x12.jpg 8w, https:\/\/www.marianogarau.org\/wp-content\/uploads\/2025\/02\/475847391_122199085634230534_2816494477536955692_n-498x705.jpg 498w\" data-sizes=\"(max-width: 509px) 100vw, 509px\"  data-onclick='1' title='' ><span class='avia-gallery-big-inner'  itemprop=\"thumbnailUrl\" ><img decoding=\"async\" fetchpriority=\"high\" class=\"wp-image-8867 avia-img-lazy-loading-not-8867\"  width=\"495\" height=\"400\" src=\"https:\/\/www.marianogarau.org\/wp-content\/uploads\/2025\/02\/475847391_122199085634230534_2816494477536955692_n-495x400.jpg\" title='' alt='' \/><\/span><\/a><\/div><div class='avia-gallery-thumb'><a href=\"https:\/\/www.marianogarau.org\/wp-content\/uploads\/2025\/02\/475847391_122199085634230534_2816494477536955692_n.jpg\" data-srcset=\"https:\/\/www.marianogarau.org\/wp-content\/uploads\/2025\/02\/475847391_122199085634230534_2816494477536955692_n.jpg 509w, https:\/\/www.marianogarau.org\/wp-content\/uploads\/2025\/02\/475847391_122199085634230534_2816494477536955692_n-212x300.jpg 212w, https:\/\/www.marianogarau.org\/wp-content\/uploads\/2025\/02\/475847391_122199085634230534_2816494477536955692_n-8x12.jpg 8w, https:\/\/www.marianogarau.org\/wp-content\/uploads\/2025\/02\/475847391_122199085634230534_2816494477536955692_n-498x705.jpg 498w\" data-sizes=\"(max-width: 509px) 100vw, 509px\" data-rel='gallery-1' data-prev-img='https:\/\/www.marianogarau.org\/wp-content\/uploads\/2025\/02\/475847391_122199085634230534_2816494477536955692_n-495x400.jpg' class='first_thumb lightbox ' data-onclick='1' title=''  itemprop=\"thumbnailUrl\"  ><img decoding=\"async\" fetchpriority=\"high\" class=\"wp-image-8867 avia-img-lazy-loading-not-8867\"   src=\"https:\/\/www.marianogarau.org\/wp-content\/uploads\/2025\/02\/475847391_122199085634230534_2816494477536955692_n-495x400.jpg\" width=\"495\" height=\"400\"  title='' alt='' \/><div class='big-prev-fake'><img decoding=\"async\" loading=\"lazy\" class=\"wp-image-8867 avia-img-lazy-loading-8867\"  width=\"495\" height=\"400\" src=\"https:\/\/www.marianogarau.org\/wp-content\/uploads\/2025\/02\/475847391_122199085634230534_2816494477536955692_n-495x400.jpg\" title='' alt='' \/><\/div><\/a><a href=\"https:\/\/www.marianogarau.org\/wp-content\/uploads\/2025\/02\/477781774_122200756448230534_8243931943655131593_n-1.jpg\" data-srcset=\"https:\/\/www.marianogarau.org\/wp-content\/uploads\/2025\/02\/477781774_122200756448230534_8243931943655131593_n-1.jpg 811w, https:\/\/www.marianogarau.org\/wp-content\/uploads\/2025\/02\/477781774_122200756448230534_8243931943655131593_n-1-300x200.jpg 300w, https:\/\/www.marianogarau.org\/wp-content\/uploads\/2025\/02\/477781774_122200756448230534_8243931943655131593_n-1-768x511.jpg 768w, https:\/\/www.marianogarau.org\/wp-content\/uploads\/2025\/02\/477781774_122200756448230534_8243931943655131593_n-1-18x12.jpg 18w, https:\/\/www.marianogarau.org\/wp-content\/uploads\/2025\/02\/477781774_122200756448230534_8243931943655131593_n-1-705x469.jpg 705w\" data-sizes=\"(max-width: 811px) 100vw, 811px\" data-rel='gallery-1' data-prev-img='https:\/\/www.marianogarau.org\/wp-content\/uploads\/2025\/02\/477781774_122200756448230534_8243931943655131593_n-1-495x400.jpg' class='lightbox ' data-onclick='2' title='477781774_122200756448230534_8243931943655131593_n'  itemprop=\"thumbnailUrl\"  ><img decoding=\"async\" fetchpriority=\"high\" class=\"wp-image-8868 avia-img-lazy-loading-not-8868\"   src=\"https:\/\/www.marianogarau.org\/wp-content\/uploads\/2025\/02\/477781774_122200756448230534_8243931943655131593_n-1-495x400.jpg\" width=\"495\" height=\"400\"  title='477781774_122200756448230534_8243931943655131593_n' alt='' \/><div class='big-prev-fake'><img decoding=\"async\" loading=\"lazy\" class=\"wp-image-8868 avia-img-lazy-loading-8868\"  width=\"495\" height=\"400\" src=\"https:\/\/www.marianogarau.org\/wp-content\/uploads\/2025\/02\/477781774_122200756448230534_8243931943655131593_n-1-495x400.jpg\" title='477781774_122200756448230534_8243931943655131593_n' alt='' \/><\/div><\/a><a href=\"https:\/\/www.marianogarau.org\/wp-content\/uploads\/2025\/02\/479487025_10231792124619407_2605203012850955739_n.jpg\" data-srcset=\"https:\/\/www.marianogarau.org\/wp-content\/uploads\/2025\/02\/479487025_10231792124619407_2605203012850955739_n.jpg 810w, https:\/\/www.marianogarau.org\/wp-content\/uploads\/2025\/02\/479487025_10231792124619407_2605203012850955739_n-300x200.jpg 300w, https:\/\/www.marianogarau.org\/wp-content\/uploads\/2025\/02\/479487025_10231792124619407_2605203012850955739_n-768x512.jpg 768w, https:\/\/www.marianogarau.org\/wp-content\/uploads\/2025\/02\/479487025_10231792124619407_2605203012850955739_n-18x12.jpg 18w, https:\/\/www.marianogarau.org\/wp-content\/uploads\/2025\/02\/479487025_10231792124619407_2605203012850955739_n-705x470.jpg 705w\" data-sizes=\"(max-width: 810px) 100vw, 810px\" data-rel='gallery-1' data-prev-img='https:\/\/www.marianogarau.org\/wp-content\/uploads\/2025\/02\/479487025_10231792124619407_2605203012850955739_n-495x400.jpg' class='lightbox ' data-onclick='3' title='479487025_10231792124619407_2605203012850955739_n'  itemprop=\"thumbnailUrl\"  ><img decoding=\"async\" fetchpriority=\"high\" class=\"wp-image-8869 avia-img-lazy-loading-not-8869\"   src=\"https:\/\/www.marianogarau.org\/wp-content\/uploads\/2025\/02\/479487025_10231792124619407_2605203012850955739_n-495x400.jpg\" width=\"495\" height=\"400\"  title='479487025_10231792124619407_2605203012850955739_n' alt='' \/><div class='big-prev-fake'><img decoding=\"async\" loading=\"lazy\" class=\"wp-image-8869 avia-img-lazy-loading-8869\"  width=\"495\" height=\"400\" src=\"https:\/\/www.marianogarau.org\/wp-content\/uploads\/2025\/02\/479487025_10231792124619407_2605203012850955739_n-495x400.jpg\" title='479487025_10231792124619407_2605203012850955739_n' alt='' \/><\/div><\/a><a href=\"https:\/\/www.marianogarau.org\/wp-content\/uploads\/2025\/02\/479883253_10089133974447367_8777416080374617808_n.jpg\" data-srcset=\"https:\/\/www.marianogarau.org\/wp-content\/uploads\/2025\/02\/479883253_10089133974447367_8777416080374617808_n.jpg 526w, https:\/\/www.marianogarau.org\/wp-content\/uploads\/2025\/02\/479883253_10089133974447367_8777416080374617808_n-200x300.jpg 200w, https:\/\/www.marianogarau.org\/wp-content\/uploads\/2025\/02\/479883253_10089133974447367_8777416080374617808_n-8x12.jpg 8w, https:\/\/www.marianogarau.org\/wp-content\/uploads\/2025\/02\/479883253_10089133974447367_8777416080374617808_n-469x705.jpg 469w\" data-sizes=\"(max-width: 526px) 100vw, 526px\" data-rel='gallery-1' data-prev-img='https:\/\/www.marianogarau.org\/wp-content\/uploads\/2025\/02\/479883253_10089133974447367_8777416080374617808_n-495x400.jpg' class='lightbox ' data-onclick='4' title='479883253_10089133974447367_8777416080374617808_n'  itemprop=\"thumbnailUrl\"  ><img decoding=\"async\" fetchpriority=\"high\" class=\"wp-image-8870 avia-img-lazy-loading-not-8870\"   src=\"https:\/\/www.marianogarau.org\/wp-content\/uploads\/2025\/02\/479883253_10089133974447367_8777416080374617808_n-495x400.jpg\" width=\"495\" height=\"400\"  title='479883253_10089133974447367_8777416080374617808_n' alt='' \/><div class='big-prev-fake'><img decoding=\"async\" loading=\"lazy\" class=\"wp-image-8870 avia-img-lazy-loading-8870\"  width=\"495\" height=\"400\" src=\"https:\/\/www.marianogarau.org\/wp-content\/uploads\/2025\/02\/479883253_10089133974447367_8777416080374617808_n-495x400.jpg\" title='479883253_10089133974447367_8777416080374617808_n' alt='' \/><\/div><\/a><\/div><\/div><\/div><\/p>\n","protected":false},"excerpt":{"rendered":"","protected":false},"author":4,"featured_media":8882,"comment_status":"open","ping_status":"open","sticky":false,"template":"","format":"standard","meta":{"footnotes":""},"categories":[3],"tags":[],"class_list":["post-8862","post","type-post","status-publish","format-standard","has-post-thumbnail","hentry","category-eventi"],"yoast_head":"<!-- This site is optimized with the Yoast SEO plugin v27.5 - https:\/\/yoast.com\/product\/yoast-seo-wordpress\/ -->\n<title>Eccidio di Iglesias - Mariano Garau - Compositore<\/title>\n<meta name=\"robots\" content=\"index, follow, max-snippet:-1, max-image-preview:large, max-video-preview:-1\" \/>\n<link rel=\"canonical\" href=\"https:\/\/www.marianogarau.org\/fr\/11-maggio-1920-2\/\" \/>\n<meta property=\"og:locale\" content=\"fr_FR\" \/>\n<meta property=\"og:type\" content=\"article\" \/>\n<meta property=\"og:title\" content=\"Eccidio di Iglesias - Mariano Garau - Compositore\" \/>\n<meta property=\"og:url\" content=\"https:\/\/www.marianogarau.org\/fr\/11-maggio-1920-2\/\" \/>\n<meta property=\"og:site_name\" content=\"Mariano Garau - Compositore\" \/>\n<meta property=\"article:published_time\" content=\"2025-02-17T10:19:28+00:00\" \/>\n<meta property=\"article:modified_time\" content=\"2025-02-17T15:36:44+00:00\" \/>\n<meta property=\"og:image\" content=\"https:\/\/www.marianogarau.org\/wp-content\/uploads\/2025\/02\/479487025_10231792124619407_2605203012850955739_n-1.jpg\" \/>\n\t<meta property=\"og:image:width\" content=\"810\" \/>\n\t<meta property=\"og:image:height\" content=\"540\" \/>\n\t<meta property=\"og:image:type\" content=\"image\/jpeg\" \/>\n<meta name=\"author\" content=\"Mariano Garau\" \/>\n<meta name=\"twitter:card\" content=\"summary_large_image\" \/>\n<meta name=\"twitter:creator\" content=\"@MarianoGarau\" \/>\n<meta name=\"twitter:site\" content=\"@MarianoGarau\" \/>\n<meta name=\"twitter:label1\" content=\"\u00c9crit par\" \/>\n\t<meta name=\"twitter:data1\" content=\"Mariano Garau\" \/>\n\t<meta name=\"twitter:label2\" content=\"Dur\u00e9e de lecture estim\u00e9e\" \/>\n\t<meta name=\"twitter:data2\" content=\"3 minutes\" \/>\n<script type=\"application\/ld+json\" class=\"yoast-schema-graph\">{\"@context\":\"https:\\\/\\\/schema.org\",\"@graph\":[{\"@type\":\"Article\",\"@id\":\"https:\\\/\\\/www.marianogarau.org\\\/11-maggio-1920-2\\\/#article\",\"isPartOf\":{\"@id\":\"https:\\\/\\\/www.marianogarau.org\\\/11-maggio-1920-2\\\/\"},\"author\":{\"name\":\"Mariano Garau\",\"@id\":\"https:\\\/\\\/www.marianogarau.org\\\/#\\\/schema\\\/person\\\/e4d73d58aa8bf49287956511f05bd4b0\"},\"headline\":\"Eccidio di Iglesias\",\"datePublished\":\"2025-02-17T10:19:28+00:00\",\"dateModified\":\"2025-02-17T15:36:44+00:00\",\"mainEntityOfPage\":{\"@id\":\"https:\\\/\\\/www.marianogarau.org\\\/11-maggio-1920-2\\\/\"},\"wordCount\":1534,\"commentCount\":0,\"publisher\":{\"@id\":\"https:\\\/\\\/www.marianogarau.org\\\/#\\\/schema\\\/person\\\/e4d73d58aa8bf49287956511f05bd4b0\"},\"image\":{\"@id\":\"https:\\\/\\\/www.marianogarau.org\\\/11-maggio-1920-2\\\/#primaryimage\"},\"thumbnailUrl\":\"https:\\\/\\\/www.marianogarau.org\\\/wp-content\\\/uploads\\\/2025\\\/02\\\/479487025_10231792124619407_2605203012850955739_n-1.jpg\",\"articleSection\":[\"Eventi\"],\"inLanguage\":\"fr-FR\",\"potentialAction\":[{\"@type\":\"CommentAction\",\"name\":\"Comment\",\"target\":[\"https:\\\/\\\/www.marianogarau.org\\\/11-maggio-1920-2\\\/#respond\"]}]},{\"@type\":\"WebPage\",\"@id\":\"https:\\\/\\\/www.marianogarau.org\\\/11-maggio-1920-2\\\/\",\"url\":\"https:\\\/\\\/www.marianogarau.org\\\/11-maggio-1920-2\\\/\",\"name\":\"Eccidio di Iglesias - Mariano Garau - Compositore\",\"isPartOf\":{\"@id\":\"https:\\\/\\\/www.marianogarau.org\\\/#website\"},\"primaryImageOfPage\":{\"@id\":\"https:\\\/\\\/www.marianogarau.org\\\/11-maggio-1920-2\\\/#primaryimage\"},\"image\":{\"@id\":\"https:\\\/\\\/www.marianogarau.org\\\/11-maggio-1920-2\\\/#primaryimage\"},\"thumbnailUrl\":\"https:\\\/\\\/www.marianogarau.org\\\/wp-content\\\/uploads\\\/2025\\\/02\\\/479487025_10231792124619407_2605203012850955739_n-1.jpg\",\"datePublished\":\"2025-02-17T10:19:28+00:00\",\"dateModified\":\"2025-02-17T15:36:44+00:00\",\"breadcrumb\":{\"@id\":\"https:\\\/\\\/www.marianogarau.org\\\/11-maggio-1920-2\\\/#breadcrumb\"},\"inLanguage\":\"fr-FR\",\"potentialAction\":[{\"@type\":\"ReadAction\",\"target\":[\"https:\\\/\\\/www.marianogarau.org\\\/11-maggio-1920-2\\\/\"]}]},{\"@type\":\"ImageObject\",\"inLanguage\":\"fr-FR\",\"@id\":\"https:\\\/\\\/www.marianogarau.org\\\/11-maggio-1920-2\\\/#primaryimage\",\"url\":\"https:\\\/\\\/www.marianogarau.org\\\/wp-content\\\/uploads\\\/2025\\\/02\\\/479487025_10231792124619407_2605203012850955739_n-1.jpg\",\"contentUrl\":\"https:\\\/\\\/www.marianogarau.org\\\/wp-content\\\/uploads\\\/2025\\\/02\\\/479487025_10231792124619407_2605203012850955739_n-1.jpg\",\"width\":810,\"height\":540},{\"@type\":\"BreadcrumbList\",\"@id\":\"https:\\\/\\\/www.marianogarau.org\\\/11-maggio-1920-2\\\/#breadcrumb\",\"itemListElement\":[{\"@type\":\"ListItem\",\"position\":1,\"name\":\"Home\",\"item\":\"https:\\\/\\\/www.marianogarau.org\\\/\"},{\"@type\":\"ListItem\",\"position\":2,\"name\":\"Eccidio di Iglesias\"}]},{\"@type\":\"WebSite\",\"@id\":\"https:\\\/\\\/www.marianogarau.org\\\/#website\",\"url\":\"https:\\\/\\\/www.marianogarau.org\\\/\",\"name\":\"Mariano Garau - Compositore\",\"description\":\"Compositore di Musica\",\"publisher\":{\"@id\":\"https:\\\/\\\/www.marianogarau.org\\\/#\\\/schema\\\/person\\\/e4d73d58aa8bf49287956511f05bd4b0\"},\"potentialAction\":[{\"@type\":\"SearchAction\",\"target\":{\"@type\":\"EntryPoint\",\"urlTemplate\":\"https:\\\/\\\/www.marianogarau.org\\\/?s={search_term_string}\"},\"query-input\":{\"@type\":\"PropertyValueSpecification\",\"valueRequired\":true,\"valueName\":\"search_term_string\"}}],\"inLanguage\":\"fr-FR\"},{\"@type\":[\"Person\",\"Organization\"],\"@id\":\"https:\\\/\\\/www.marianogarau.org\\\/#\\\/schema\\\/person\\\/e4d73d58aa8bf49287956511f05bd4b0\",\"name\":\"Mariano Garau\",\"image\":{\"@type\":\"ImageObject\",\"inLanguage\":\"fr-FR\",\"@id\":\"https:\\\/\\\/www.marianogarau.org\\\/wp-content\\\/uploads\\\/2017\\\/05\\\/MARIANO-GARAU-LOGO-1.png\",\"url\":\"https:\\\/\\\/www.marianogarau.org\\\/wp-content\\\/uploads\\\/2017\\\/05\\\/MARIANO-GARAU-LOGO-1.png\",\"contentUrl\":\"https:\\\/\\\/www.marianogarau.org\\\/wp-content\\\/uploads\\\/2017\\\/05\\\/MARIANO-GARAU-LOGO-1.png\",\"width\":680,\"height\":312,\"caption\":\"Mariano Garau\"},\"logo\":{\"@id\":\"https:\\\/\\\/www.marianogarau.org\\\/wp-content\\\/uploads\\\/2017\\\/05\\\/MARIANO-GARAU-LOGO-1.png\"},\"sameAs\":[\"http:\\\/\\\/www.marianogarau.org\"]}]}<\/script>\n<!-- \/ Yoast SEO plugin. -->","yoast_head_json":{"title":"Massacre d'Iglesias - Mariano Garau - Compositeur","robots":{"index":"index","follow":"follow","max-snippet":"max-snippet:-1","max-image-preview":"max-image-preview:large","max-video-preview":"max-video-preview:-1"},"canonical":"https:\/\/www.marianogarau.org\/fr\/11-maggio-1920-2\/","og_locale":"fr_FR","og_type":"article","og_title":"Eccidio di Iglesias - Mariano Garau - Compositore","og_url":"https:\/\/www.marianogarau.org\/fr\/11-maggio-1920-2\/","og_site_name":"Mariano Garau - Compositore","article_published_time":"2025-02-17T10:19:28+00:00","article_modified_time":"2025-02-17T15:36:44+00:00","og_image":[{"width":810,"height":540,"url":"https:\/\/www.marianogarau.org\/wp-content\/uploads\/2025\/02\/479487025_10231792124619407_2605203012850955739_n-1.jpg","type":"image\/jpeg"}],"author":"Mariano Garau","twitter_card":"summary_large_image","twitter_creator":"@MarianoGarau","twitter_site":"@MarianoGarau","twitter_misc":{"\u00c9crit par":"Mariano Garau","Dur\u00e9e de lecture estim\u00e9e":"3 minutes"},"schema":{"@context":"https:\/\/schema.org","@graph":[{"@type":"Article","@id":"https:\/\/www.marianogarau.org\/11-maggio-1920-2\/#article","isPartOf":{"@id":"https:\/\/www.marianogarau.org\/11-maggio-1920-2\/"},"author":{"name":"Mariano Garau","@id":"https:\/\/www.marianogarau.org\/#\/schema\/person\/e4d73d58aa8bf49287956511f05bd4b0"},"headline":"Eccidio di Iglesias","datePublished":"2025-02-17T10:19:28+00:00","dateModified":"2025-02-17T15:36:44+00:00","mainEntityOfPage":{"@id":"https:\/\/www.marianogarau.org\/11-maggio-1920-2\/"},"wordCount":1534,"commentCount":0,"publisher":{"@id":"https:\/\/www.marianogarau.org\/#\/schema\/person\/e4d73d58aa8bf49287956511f05bd4b0"},"image":{"@id":"https:\/\/www.marianogarau.org\/11-maggio-1920-2\/#primaryimage"},"thumbnailUrl":"https:\/\/www.marianogarau.org\/wp-content\/uploads\/2025\/02\/479487025_10231792124619407_2605203012850955739_n-1.jpg","articleSection":["Eventi"],"inLanguage":"fr-FR","potentialAction":[{"@type":"CommentAction","name":"Comment","target":["https:\/\/www.marianogarau.org\/11-maggio-1920-2\/#respond"]}]},{"@type":"WebPage","@id":"https:\/\/www.marianogarau.org\/11-maggio-1920-2\/","url":"https:\/\/www.marianogarau.org\/11-maggio-1920-2\/","name":"Massacre d'Iglesias - Mariano Garau - Compositeur","isPartOf":{"@id":"https:\/\/www.marianogarau.org\/#website"},"primaryImageOfPage":{"@id":"https:\/\/www.marianogarau.org\/11-maggio-1920-2\/#primaryimage"},"image":{"@id":"https:\/\/www.marianogarau.org\/11-maggio-1920-2\/#primaryimage"},"thumbnailUrl":"https:\/\/www.marianogarau.org\/wp-content\/uploads\/2025\/02\/479487025_10231792124619407_2605203012850955739_n-1.jpg","datePublished":"2025-02-17T10:19:28+00:00","dateModified":"2025-02-17T15:36:44+00:00","breadcrumb":{"@id":"https:\/\/www.marianogarau.org\/11-maggio-1920-2\/#breadcrumb"},"inLanguage":"fr-FR","potentialAction":[{"@type":"ReadAction","target":["https:\/\/www.marianogarau.org\/11-maggio-1920-2\/"]}]},{"@type":"ImageObject","inLanguage":"fr-FR","@id":"https:\/\/www.marianogarau.org\/11-maggio-1920-2\/#primaryimage","url":"https:\/\/www.marianogarau.org\/wp-content\/uploads\/2025\/02\/479487025_10231792124619407_2605203012850955739_n-1.jpg","contentUrl":"https:\/\/www.marianogarau.org\/wp-content\/uploads\/2025\/02\/479487025_10231792124619407_2605203012850955739_n-1.jpg","width":810,"height":540},{"@type":"BreadcrumbList","@id":"https:\/\/www.marianogarau.org\/11-maggio-1920-2\/#breadcrumb","itemListElement":[{"@type":"ListItem","position":1,"name":"Home","item":"https:\/\/www.marianogarau.org\/"},{"@type":"ListItem","position":2,"name":"Eccidio di Iglesias"}]},{"@type":"WebSite","@id":"https:\/\/www.marianogarau.org\/#website","url":"https:\/\/www.marianogarau.org\/","name":"Mariano Garau - Compositeur","description":"Compositeur de musique","publisher":{"@id":"https:\/\/www.marianogarau.org\/#\/schema\/person\/e4d73d58aa8bf49287956511f05bd4b0"},"potentialAction":[{"@type":"SearchAction","target":{"@type":"EntryPoint","urlTemplate":"https:\/\/www.marianogarau.org\/?s={search_term_string}"},"query-input":{"@type":"PropertyValueSpecification","valueRequired":true,"valueName":"search_term_string"}}],"inLanguage":"fr-FR"},{"@type":["Person","Organization"],"@id":"https:\/\/www.marianogarau.org\/#\/schema\/person\/e4d73d58aa8bf49287956511f05bd4b0","name":"Mariano Garau","image":{"@type":"ImageObject","inLanguage":"fr-FR","@id":"https:\/\/www.marianogarau.org\/wp-content\/uploads\/2017\/05\/MARIANO-GARAU-LOGO-1.png","url":"https:\/\/www.marianogarau.org\/wp-content\/uploads\/2017\/05\/MARIANO-GARAU-LOGO-1.png","contentUrl":"https:\/\/www.marianogarau.org\/wp-content\/uploads\/2017\/05\/MARIANO-GARAU-LOGO-1.png","width":680,"height":312,"caption":"Mariano Garau"},"logo":{"@id":"https:\/\/www.marianogarau.org\/wp-content\/uploads\/2017\/05\/MARIANO-GARAU-LOGO-1.png"},"sameAs":["http:\/\/www.marianogarau.org"]}]}},"_links":{"self":[{"href":"https:\/\/www.marianogarau.org\/fr\/wp-json\/wp\/v2\/posts\/8862","targetHints":{"allow":["GET"]}}],"collection":[{"href":"https:\/\/www.marianogarau.org\/fr\/wp-json\/wp\/v2\/posts"}],"about":[{"href":"https:\/\/www.marianogarau.org\/fr\/wp-json\/wp\/v2\/types\/post"}],"author":[{"embeddable":true,"href":"https:\/\/www.marianogarau.org\/fr\/wp-json\/wp\/v2\/users\/4"}],"replies":[{"embeddable":true,"href":"https:\/\/www.marianogarau.org\/fr\/wp-json\/wp\/v2\/comments?post=8862"}],"version-history":[{"count":0,"href":"https:\/\/www.marianogarau.org\/fr\/wp-json\/wp\/v2\/posts\/8862\/revisions"}],"wp:featuredmedia":[{"embeddable":true,"href":"https:\/\/www.marianogarau.org\/fr\/wp-json\/wp\/v2\/media\/8882"}],"wp:attachment":[{"href":"https:\/\/www.marianogarau.org\/fr\/wp-json\/wp\/v2\/media?parent=8862"}],"wp:term":[{"taxonomy":"category","embeddable":true,"href":"https:\/\/www.marianogarau.org\/fr\/wp-json\/wp\/v2\/categories?post=8862"},{"taxonomy":"post_tag","embeddable":true,"href":"https:\/\/www.marianogarau.org\/fr\/wp-json\/wp\/v2\/tags?post=8862"}],"curies":[{"name":"wp","href":"https:\/\/api.w.org\/{rel}","templated":true}]}}