{"id":1893,"date":"2018-02-04T17:57:35","date_gmt":"2018-02-04T16:57:35","guid":{"rendered":"http:\/\/www.marianogarau.org\/?p=1893"},"modified":"2023-01-29T18:50:44","modified_gmt":"2023-01-29T17:50:44","slug":"carnegie-hall-new-york-jesu-mi-dulcissime-mariano-garau","status":"publish","type":"post","link":"https:\/\/www.marianogarau.org\/fr\/carnegie-hall-new-york-jesu-mi-dulcissime-mariano-garau\/","title":{"rendered":"CARNEGIE HALL - New York"},"content":{"rendered":"<section  class='av_textblock_section av-2mh3qd-c157be08aa9cc988b442e11b3e096e19 '   itemscope=\"itemscope\" itemtype=\"https:\/\/schema.org\/BlogPosting\" itemprop=\"blogPost\" ><div class='avia_textblock'  itemprop=\"text\" ><\/div><\/section>\n<div  class='flex_column av-dxsqd-6515779a3a011312881492a549877e7d av_one_third  avia-builder-el-1  el_after_av_textblock  el_before_av_one_third  first flex_column_div  column-top-margin'     ><style type=\"text\/css\" data-created_by=\"avia_inline_auto\" id=\"style-css-av-l8hhjihk-1a027140effaf5884afd5455c30c558a\">\n#top .avia-gallery.av-l8hhjihk-1a027140effaf5884afd5455c30c558a .avia-gallery-thumb a{\nwidth:100%;\n}\n<\/style>\n<div  class='avia-gallery av-l8hhjihk-1a027140effaf5884afd5455c30c558a avia_animate_when_visible  avia-builder-el-2  avia-builder-el-no-sibling  avia_lazyload avia-gallery-animate avia-gallery-1'  itemprop=\"image\" itemscope=\"itemscope\" itemtype=\"https:\/\/schema.org\/ImageObject\" ><meta itemprop=\"contentURL\" content=\"https:\/\/www.marianogarau.org\/fr\/carnegie-hall-new-york-jesu-mi-dulcissime-mariano-garau\/\"><div class='avia-gallery-thumb'><a href=\"https:\/\/www.marianogarau.org\/wp-content\/uploads\/2017\/05\/21753128_1665413620170269_5313089872018159816_o-1030x773.jpg\" data-srcset=\"https:\/\/www.marianogarau.org\/wp-content\/uploads\/2017\/05\/21753128_1665413620170269_5313089872018159816_o-1030x773.jpg 1030w, https:\/\/www.marianogarau.org\/wp-content\/uploads\/2017\/05\/21753128_1665413620170269_5313089872018159816_o-600x450.jpg 600w, https:\/\/www.marianogarau.org\/wp-content\/uploads\/2017\/05\/21753128_1665413620170269_5313089872018159816_o-300x225.jpg 300w, https:\/\/www.marianogarau.org\/wp-content\/uploads\/2017\/05\/21753128_1665413620170269_5313089872018159816_o-768x576.jpg 768w, https:\/\/www.marianogarau.org\/wp-content\/uploads\/2017\/05\/21753128_1665413620170269_5313089872018159816_o-705x529.jpg 705w, https:\/\/www.marianogarau.org\/wp-content\/uploads\/2017\/05\/21753128_1665413620170269_5313089872018159816_o-450x338.jpg 450w, https:\/\/www.marianogarau.org\/wp-content\/uploads\/2017\/05\/21753128_1665413620170269_5313089872018159816_o.jpg 1440w\" data-sizes=\"(max-width: 1030px) 100vw, 1030px\" data-rel='gallery-1' data-prev-img='https:\/\/www.marianogarau.org\/wp-content\/uploads\/2017\/05\/21753128_1665413620170269_5313089872018159816_o-495x400.jpg' class='first_thumb lightbox ' data-onclick='1' title='CORO DABAR  Coria del R\u00edo (Spagna)'  itemprop=\"thumbnailUrl\"  ><img decoding=\"async\" fetchpriority=\"high\" class=\"wp-image-1824 avia-img-lazy-loading-not-1824\"   src=\"https:\/\/www.marianogarau.org\/wp-content\/uploads\/2017\/05\/21753128_1665413620170269_5313089872018159816_o-495x400.jpg\" width=\"495\" height=\"400\"  title='CORO DABAR  Coria del R\u00edo (Spagna)' alt='CORO DABAR Coria del R\u00edo (Spagna)' srcset=\"https:\/\/www.marianogarau.org\/wp-content\/uploads\/2017\/05\/21753128_1665413620170269_5313089872018159816_o-495x400.jpg 495w, https:\/\/www.marianogarau.org\/wp-content\/uploads\/2017\/05\/21753128_1665413620170269_5313089872018159816_o-845x684.jpg 845w\" sizes=\"(max-width: 495px) 100vw, 495px\" \/><div class='big-prev-fake'><img decoding=\"async\" loading=\"lazy\" class=\"wp-image-1824 avia-img-lazy-loading-1824\"  width=\"495\" height=\"400\" src=\"https:\/\/www.marianogarau.org\/wp-content\/uploads\/2017\/05\/21753128_1665413620170269_5313089872018159816_o-495x400.jpg\" title='CORO DABAR  Coria del R\u00edo (Spagna)' alt='CORO DABAR Coria del R\u00edo (Spagna)' srcset=\"https:\/\/www.marianogarau.org\/wp-content\/uploads\/2017\/05\/21753128_1665413620170269_5313089872018159816_o-495x400.jpg 495w, https:\/\/www.marianogarau.org\/wp-content\/uploads\/2017\/05\/21753128_1665413620170269_5313089872018159816_o-845x684.jpg 845w\" sizes=\"auto, (max-width: 495px) 100vw, 495px\" \/><\/div><\/a><\/div><\/div><\/div>\n<div  class='flex_column av-2gic91-7fd3853bce32c3276584e54404868ce3 av_one_third  avia-builder-el-3  el_after_av_one_third  el_before_av_one_third  flex_column_div  column-top-margin'     ><section  class='av_textblock_section av-l8hhrtqi-04a93f86218c6bee722d83050de2cdb2 '   itemscope=\"itemscope\" itemtype=\"https:\/\/schema.org\/BlogPosting\" itemprop=\"blogPost\" ><div class='avia_textblock'  itemprop=\"text\" ><div id=\"wpfp_bef253eeb86eb06f18a9d8cfc11f9ee8\" data-item=\"{&quot;sources&quot;:[{&quot;src&quot;:&quot;https:\\\/\\\/www.youtube.com\\\/watch?v=lY9oRPK70-U&quot;,&quot;type&quot;:&quot;video\\\/youtube&quot;}],&quot;id&quot;:&quot;22&quot;,&quot;splash&quot;:&quot;https:\\\/\\\/i.ytimg.com\\\/vi\\\/lY9oRPK70-U\\\/maxresdefault.jpg#auto&quot;}\" class=\"flowplayer no-brand is-splash is-paused skin-slim no-svg fp-slim fp-edgy is-youtube\" data-fv-embed=\"https:\/\/www.marianogarau.org\/fr\/carnegie-hall-new-york-jesu-mi-dulcissime-mariano-garau\/fvp-22\/\" style=\"position:relative; max-width: 640px; max-height: 360px; \" data-ratio=\"0.5625\" data-engine=\"fvyoutube\">\n\t<div class=\"fp-ratio\" style=\"padding-top: 56.25%\"><\/div>\n\t<img decoding=\"async\" class=\"fp-splash\" alt=\"video\" src=\"https:\/\/i.ytimg.com\/vi\/lY9oRPK70-U\/maxresdefault.jpg#auto\" style=\"position:absolute;top:0;width:100%\" \/>\n\t<div class=\"fp-ui\"><noscript>Please enable JavaScript<\/noscript><div class=\"fp-play fp-visible\"><svg class=\"fp-play-sharp-fill\" xmlns=\"http:\/\/www.w3.org\/2000\/svg\" viewBox=\"0 0 100 100\"><defs><style>.fp-color-play{opacity:0.65;}.controlbutton{fill:#fff;}<\/style><\/defs><title>play-sharp-fill<\/title><path class=\"fp-color-play\" d=\"M49.9217-.078a50,50,0,1,0,50,50A50.0564,50.0564,0,0,0,49.9217-.078Z\"\/><polygon class=\"controlbutton\" points=\"73.601 50 37.968 70.573 37.968 29.427 73.601 50\" filter=\"url(#f1)\"\/><\/svg><\/div><div class=\"fp-preload\"><b><\/b><b><\/b><b><\/b><b><\/b><\/div><\/div>\n<div class='fvp-share-bar'><ul class=\"fvp-sharing\">\r\n    <li><a class=\"sharing-facebook\" href=\"https:\/\/www.facebook.com\/sharer\/sharer.php?u=https%3A%2F%2Fwww.marianogarau.org%2Ffr%2Fcarnegie-hall-new-york-jesu-mi-dulcissime-mariano-garau%2F\" target=\"_blank\"><\/a><\/li>\r\n    <li><a class=\"sharing-twitter\" href=\"https:\/\/twitter.com\/intent\/tweet?text=Mariano+Garau+-+Compositore+&url=https%3A%2F%2Fwww.marianogarau.org%2Ffr%2Fcarnegie-hall-new-york-jesu-mi-dulcissime-mariano-garau%2F\" target=\"_blank\"><\/a><\/li>\r\n    <li><a class=\"sharing-email\" href=\"mailto:?body=Check%20out%20the%20amazing%20video%20here%3A%20https%3A%2F%2Fwww.marianogarau.org%2Ffr%2Fcarnegie-hall-new-york-jesu-mi-dulcissime-mariano-garau%2F\" target=\"_blank\"><\/a><\/li><\/ul><div><a class=\"sharing-link\" href=\"https:\/\/www.marianogarau.org\/fr\/carnegie-hall-new-york-jesu-mi-dulcissime-mariano-garau\/\" target=\"_blank\">Link<\/a><\/div><div><label><a class=\"embed-code-toggle\" href=\"#\"><strong>Embed<\/strong><\/a><\/label><\/div><div class=\"embed-code\"><label>Copy and paste this HTML code into your webpage to embed.<\/label><textarea><\/textarea><\/div><\/div>\n<\/div>\n\n<\/div><\/section><\/div>\n<div  class='flex_column av-33plp1-4d67b5a0451a1ab933a9481d3545717b av_one_third  avia-builder-el-5  el_after_av_one_third  el_before_av_hr  flex_column_div  column-top-margin'     ><section  class='av_textblock_section av-l8hhulkq-c8a95776fdd7d89dcd9afb7197148d93 '   itemscope=\"itemscope\" itemtype=\"https:\/\/schema.org\/BlogPosting\" itemprop=\"blogPost\" ><div class='avia_textblock'  itemprop=\"text\" ><h2>CORO DABAR<\/h2>\n<p>From Coria del R\u00edo, Spain, Conductor:Irizo Jes\u00fas Campos<\/p>\n<p>\u266a Aka Tombo &#8211; by Rofu Miki \/ Kosaku Yamada<\/p>\n<p>\u266a What a Wonderful World &#8211; by George David Weiss \/George Douglass \/Bob Thiele, Arr. by Rog\u00e9rio Moreira<\/p>\n<p>\u266a <strong>O Jesu mi Dulcissime &#8211; by Mariano Garau<\/strong>.<\/p>\n<p>\u266a Ave Maria &#8211; by Tomas Luis Victoria, Conductor:Irene G\u00f3mez-Calado with Japan Choral Harmony \u201cTOMO\u201d<\/p>\n<p>\u266a O Magnum Mysterium &#8211; by Tomas Luis Victoria, Conductor:Irene G\u00f3mez-Calado with Japan Choral Harmony \u201cTOMO\u201d<\/p>\n<\/div><\/section><\/div><div  class='hr av-48j2xh-af9576a55ffaaac5bfec3ca5b0f49189 hr-default  avia-builder-el-7  el_after_av_one_third  el_before_av_one_full '><span class='hr-inner '><span class=\"hr-inner-style\"><\/span><\/span><\/div><\/p>\n<div  class='flex_column av-2ii54l-18747ae8e637b9c209ba97de4a1d2b56 av_one_full  avia-builder-el-8  el_after_av_hr  avia-builder-el-last  first flex_column_div  '     ><section  class='av_textblock_section av-l8hhxnjl-f43ad5a3706e9efd4aedef44601078ac '   itemscope=\"itemscope\" itemtype=\"https:\/\/schema.org\/BlogPosting\" itemprop=\"blogPost\" ><div class='avia_textblock'  itemprop=\"text\" ><p><strong>Coro Dabar<\/strong> is a mixed choir who enjoys performing polyphonic music of all times. It consists of 20 singers and was born in a spring day in 2008 from a group of singers of Santa Mar\u00eda de la Estrella Church Choir in Coria del R\u00edo.<\/p>\n<p>Since 2016, Coro Dabar has been working closely with Spanish-Japanese Hasekura Association in Coria del R\u00edo, promoting ties between two cultures that have been so distant and so united for more than four hundred years thanks to our ancestors.<\/p>\n<p>In 2016 Coro Dabar participated in the Funeral Mass in Coria del R\u00edo for the victims of the earthquake and tsunami in Japan 11th March. It was a sad and coincident date with the serious attack at the Atocha train station, Madrid, in 2004.<\/p>\n<p>In October of 2016 Coro Dabar gives a voice to the moving posthumous tribute to the honorable Yoko Maeda in front of her cherry tree in Carlos de Mesa Park. Also in the same month of October Coro Dabar organizes a reception and a performance in Coria del R\u00edo for Tetsuro Shimaguchi (choreographer of the movie &#8220;Kill Bill&#8221; and leader of KAMUI) and the singer Mika Kobayashi.<\/p>\n<p>In December 2017 Coro Dabar is present in the city of Sendai by means of a video screening to sing for the celebration of a children&#8217;s choir concert in which Coro Dabar plays \u201cHana wa saku\u201d.<\/p>\n<p>In 2017 participates in the concert held the 21st of April to commemorate III Hanami in Coria del R\u00edo and in which it shares stage and repertoire with Japan Choral Harmony \u201cTOMO\u201d, Escolan\u00eda de Tomares and Municipal Music Band of Coria del R\u00edo.<\/p>\n<\/div><\/section><\/div>\n","protected":false},"excerpt":{"rendered":"","protected":false},"author":4,"featured_media":1894,"comment_status":"open","ping_status":"open","sticky":false,"template":"","format":"standard","meta":{"footnotes":""},"categories":[3],"tags":[],"class_list":["post-1893","post","type-post","status-publish","format-standard","has-post-thumbnail","hentry","category-eventi"],"yoast_head":"<!-- This site is optimized with the Yoast SEO plugin v27.5 - https:\/\/yoast.com\/product\/yoast-seo-wordpress\/ -->\n<title>CARNEGIE HALL - New York - Mariano Garau - Compositore<\/title>\n<meta name=\"robots\" content=\"index, follow, max-snippet:-1, max-image-preview:large, max-video-preview:-1\" \/>\n<link rel=\"canonical\" href=\"https:\/\/www.marianogarau.org\/fr\/carnegie-hall-new-york-jesu-mi-dulcissime-mariano-garau\/\" \/>\n<meta property=\"og:locale\" content=\"fr_FR\" \/>\n<meta property=\"og:type\" content=\"article\" \/>\n<meta property=\"og:title\" content=\"CARNEGIE HALL - New York - Mariano Garau - Compositore\" \/>\n<meta property=\"og:url\" content=\"https:\/\/www.marianogarau.org\/fr\/carnegie-hall-new-york-jesu-mi-dulcissime-mariano-garau\/\" \/>\n<meta property=\"og:site_name\" content=\"Mariano Garau - Compositore\" \/>\n<meta property=\"article:published_time\" content=\"2018-02-04T16:57:35+00:00\" \/>\n<meta property=\"article:modified_time\" content=\"2023-01-29T17:50:44+00:00\" \/>\n<meta property=\"og:image\" content=\"https:\/\/www.marianogarau.org\/wp-content\/uploads\/2018\/02\/stern_auditorium__x_large.jpg\" \/>\n\t<meta property=\"og:image:width\" content=\"1500\" \/>\n\t<meta property=\"og:image:height\" content=\"1000\" \/>\n\t<meta property=\"og:image:type\" content=\"image\/jpeg\" \/>\n<meta name=\"author\" content=\"Mariano Garau\" \/>\n<meta name=\"twitter:card\" content=\"summary_large_image\" \/>\n<meta name=\"twitter:creator\" content=\"@MarianoGarau\" \/>\n<meta name=\"twitter:site\" content=\"@MarianoGarau\" \/>\n<meta name=\"twitter:label1\" content=\"\u00c9crit par\" \/>\n\t<meta name=\"twitter:data1\" content=\"Mariano Garau\" \/>\n\t<meta name=\"twitter:label2\" content=\"Dur\u00e9e de lecture estim\u00e9e\" \/>\n\t<meta name=\"twitter:data2\" content=\"5 minutes\" \/>\n<script type=\"application\/ld+json\" class=\"yoast-schema-graph\">{\"@context\":\"https:\\\/\\\/schema.org\",\"@graph\":[{\"@type\":\"Article\",\"@id\":\"https:\\\/\\\/www.marianogarau.org\\\/carnegie-hall-new-york-jesu-mi-dulcissime-mariano-garau\\\/#article\",\"isPartOf\":{\"@id\":\"https:\\\/\\\/www.marianogarau.org\\\/carnegie-hall-new-york-jesu-mi-dulcissime-mariano-garau\\\/\"},\"author\":{\"name\":\"Mariano Garau\",\"@id\":\"https:\\\/\\\/www.marianogarau.org\\\/#\\\/schema\\\/person\\\/e4d73d58aa8bf49287956511f05bd4b0\"},\"headline\":\"CARNEGIE HALL &#8211; New York\",\"datePublished\":\"2018-02-04T16:57:35+00:00\",\"dateModified\":\"2023-01-29T17:50:44+00:00\",\"mainEntityOfPage\":{\"@id\":\"https:\\\/\\\/www.marianogarau.org\\\/carnegie-hall-new-york-jesu-mi-dulcissime-mariano-garau\\\/\"},\"wordCount\":1712,\"commentCount\":0,\"publisher\":{\"@id\":\"https:\\\/\\\/www.marianogarau.org\\\/#\\\/schema\\\/person\\\/e4d73d58aa8bf49287956511f05bd4b0\"},\"image\":{\"@id\":\"https:\\\/\\\/www.marianogarau.org\\\/carnegie-hall-new-york-jesu-mi-dulcissime-mariano-garau\\\/#primaryimage\"},\"thumbnailUrl\":\"https:\\\/\\\/www.marianogarau.org\\\/wp-content\\\/uploads\\\/2018\\\/02\\\/stern_auditorium__x_large.jpg\",\"articleSection\":[\"Eventi\"],\"inLanguage\":\"fr-FR\",\"potentialAction\":[{\"@type\":\"CommentAction\",\"name\":\"Comment\",\"target\":[\"https:\\\/\\\/www.marianogarau.org\\\/carnegie-hall-new-york-jesu-mi-dulcissime-mariano-garau\\\/#respond\"]}]},{\"@type\":\"WebPage\",\"@id\":\"https:\\\/\\\/www.marianogarau.org\\\/carnegie-hall-new-york-jesu-mi-dulcissime-mariano-garau\\\/\",\"url\":\"https:\\\/\\\/www.marianogarau.org\\\/carnegie-hall-new-york-jesu-mi-dulcissime-mariano-garau\\\/\",\"name\":\"CARNEGIE HALL - New York - Mariano Garau - Compositore\",\"isPartOf\":{\"@id\":\"https:\\\/\\\/www.marianogarau.org\\\/#website\"},\"primaryImageOfPage\":{\"@id\":\"https:\\\/\\\/www.marianogarau.org\\\/carnegie-hall-new-york-jesu-mi-dulcissime-mariano-garau\\\/#primaryimage\"},\"image\":{\"@id\":\"https:\\\/\\\/www.marianogarau.org\\\/carnegie-hall-new-york-jesu-mi-dulcissime-mariano-garau\\\/#primaryimage\"},\"thumbnailUrl\":\"https:\\\/\\\/www.marianogarau.org\\\/wp-content\\\/uploads\\\/2018\\\/02\\\/stern_auditorium__x_large.jpg\",\"datePublished\":\"2018-02-04T16:57:35+00:00\",\"dateModified\":\"2023-01-29T17:50:44+00:00\",\"breadcrumb\":{\"@id\":\"https:\\\/\\\/www.marianogarau.org\\\/carnegie-hall-new-york-jesu-mi-dulcissime-mariano-garau\\\/#breadcrumb\"},\"inLanguage\":\"fr-FR\",\"potentialAction\":[{\"@type\":\"ReadAction\",\"target\":[\"https:\\\/\\\/www.marianogarau.org\\\/carnegie-hall-new-york-jesu-mi-dulcissime-mariano-garau\\\/\"]}]},{\"@type\":\"ImageObject\",\"inLanguage\":\"fr-FR\",\"@id\":\"https:\\\/\\\/www.marianogarau.org\\\/carnegie-hall-new-york-jesu-mi-dulcissime-mariano-garau\\\/#primaryimage\",\"url\":\"https:\\\/\\\/www.marianogarau.org\\\/wp-content\\\/uploads\\\/2018\\\/02\\\/stern_auditorium__x_large.jpg\",\"contentUrl\":\"https:\\\/\\\/www.marianogarau.org\\\/wp-content\\\/uploads\\\/2018\\\/02\\\/stern_auditorium__x_large.jpg\",\"width\":1500,\"height\":1000},{\"@type\":\"BreadcrumbList\",\"@id\":\"https:\\\/\\\/www.marianogarau.org\\\/carnegie-hall-new-york-jesu-mi-dulcissime-mariano-garau\\\/#breadcrumb\",\"itemListElement\":[{\"@type\":\"ListItem\",\"position\":1,\"name\":\"Home\",\"item\":\"https:\\\/\\\/www.marianogarau.org\\\/\"},{\"@type\":\"ListItem\",\"position\":2,\"name\":\"CARNEGIE HALL &#8211; New York\"}]},{\"@type\":\"WebSite\",\"@id\":\"https:\\\/\\\/www.marianogarau.org\\\/#website\",\"url\":\"https:\\\/\\\/www.marianogarau.org\\\/\",\"name\":\"Mariano Garau - Compositore\",\"description\":\"Compositore di Musica\",\"publisher\":{\"@id\":\"https:\\\/\\\/www.marianogarau.org\\\/#\\\/schema\\\/person\\\/e4d73d58aa8bf49287956511f05bd4b0\"},\"potentialAction\":[{\"@type\":\"SearchAction\",\"target\":{\"@type\":\"EntryPoint\",\"urlTemplate\":\"https:\\\/\\\/www.marianogarau.org\\\/?s={search_term_string}\"},\"query-input\":{\"@type\":\"PropertyValueSpecification\",\"valueRequired\":true,\"valueName\":\"search_term_string\"}}],\"inLanguage\":\"fr-FR\"},{\"@type\":[\"Person\",\"Organization\"],\"@id\":\"https:\\\/\\\/www.marianogarau.org\\\/#\\\/schema\\\/person\\\/e4d73d58aa8bf49287956511f05bd4b0\",\"name\":\"Mariano Garau\",\"image\":{\"@type\":\"ImageObject\",\"inLanguage\":\"fr-FR\",\"@id\":\"https:\\\/\\\/www.marianogarau.org\\\/wp-content\\\/uploads\\\/2017\\\/05\\\/MARIANO-GARAU-LOGO-1.png\",\"url\":\"https:\\\/\\\/www.marianogarau.org\\\/wp-content\\\/uploads\\\/2017\\\/05\\\/MARIANO-GARAU-LOGO-1.png\",\"contentUrl\":\"https:\\\/\\\/www.marianogarau.org\\\/wp-content\\\/uploads\\\/2017\\\/05\\\/MARIANO-GARAU-LOGO-1.png\",\"width\":680,\"height\":312,\"caption\":\"Mariano Garau\"},\"logo\":{\"@id\":\"https:\\\/\\\/www.marianogarau.org\\\/wp-content\\\/uploads\\\/2017\\\/05\\\/MARIANO-GARAU-LOGO-1.png\"},\"sameAs\":[\"http:\\\/\\\/www.marianogarau.org\"]}]}<\/script>\n<!-- \/ Yoast SEO plugin. -->","yoast_head_json":{"title":"CARNEGIE HALL - New York - Mariano Garau - Compositeur","robots":{"index":"index","follow":"follow","max-snippet":"max-snippet:-1","max-image-preview":"max-image-preview:large","max-video-preview":"max-video-preview:-1"},"canonical":"https:\/\/www.marianogarau.org\/fr\/carnegie-hall-new-york-jesu-mi-dulcissime-mariano-garau\/","og_locale":"fr_FR","og_type":"article","og_title":"CARNEGIE HALL - New York - Mariano Garau - Compositore","og_url":"https:\/\/www.marianogarau.org\/fr\/carnegie-hall-new-york-jesu-mi-dulcissime-mariano-garau\/","og_site_name":"Mariano Garau - Compositore","article_published_time":"2018-02-04T16:57:35+00:00","article_modified_time":"2023-01-29T17:50:44+00:00","og_image":[{"width":1500,"height":1000,"url":"https:\/\/www.marianogarau.org\/wp-content\/uploads\/2018\/02\/stern_auditorium__x_large.jpg","type":"image\/jpeg"}],"author":"Mariano Garau","twitter_card":"summary_large_image","twitter_creator":"@MarianoGarau","twitter_site":"@MarianoGarau","twitter_misc":{"\u00c9crit par":"Mariano Garau","Dur\u00e9e de lecture estim\u00e9e":"5 minutes"},"schema":{"@context":"https:\/\/schema.org","@graph":[{"@type":"Article","@id":"https:\/\/www.marianogarau.org\/carnegie-hall-new-york-jesu-mi-dulcissime-mariano-garau\/#article","isPartOf":{"@id":"https:\/\/www.marianogarau.org\/carnegie-hall-new-york-jesu-mi-dulcissime-mariano-garau\/"},"author":{"name":"Mariano Garau","@id":"https:\/\/www.marianogarau.org\/#\/schema\/person\/e4d73d58aa8bf49287956511f05bd4b0"},"headline":"CARNEGIE HALL &#8211; New York","datePublished":"2018-02-04T16:57:35+00:00","dateModified":"2023-01-29T17:50:44+00:00","mainEntityOfPage":{"@id":"https:\/\/www.marianogarau.org\/carnegie-hall-new-york-jesu-mi-dulcissime-mariano-garau\/"},"wordCount":1712,"commentCount":0,"publisher":{"@id":"https:\/\/www.marianogarau.org\/#\/schema\/person\/e4d73d58aa8bf49287956511f05bd4b0"},"image":{"@id":"https:\/\/www.marianogarau.org\/carnegie-hall-new-york-jesu-mi-dulcissime-mariano-garau\/#primaryimage"},"thumbnailUrl":"https:\/\/www.marianogarau.org\/wp-content\/uploads\/2018\/02\/stern_auditorium__x_large.jpg","articleSection":["Eventi"],"inLanguage":"fr-FR","potentialAction":[{"@type":"CommentAction","name":"Comment","target":["https:\/\/www.marianogarau.org\/carnegie-hall-new-york-jesu-mi-dulcissime-mariano-garau\/#respond"]}]},{"@type":"WebPage","@id":"https:\/\/www.marianogarau.org\/carnegie-hall-new-york-jesu-mi-dulcissime-mariano-garau\/","url":"https:\/\/www.marianogarau.org\/carnegie-hall-new-york-jesu-mi-dulcissime-mariano-garau\/","name":"CARNEGIE HALL - New York - Mariano Garau - Compositeur","isPartOf":{"@id":"https:\/\/www.marianogarau.org\/#website"},"primaryImageOfPage":{"@id":"https:\/\/www.marianogarau.org\/carnegie-hall-new-york-jesu-mi-dulcissime-mariano-garau\/#primaryimage"},"image":{"@id":"https:\/\/www.marianogarau.org\/carnegie-hall-new-york-jesu-mi-dulcissime-mariano-garau\/#primaryimage"},"thumbnailUrl":"https:\/\/www.marianogarau.org\/wp-content\/uploads\/2018\/02\/stern_auditorium__x_large.jpg","datePublished":"2018-02-04T16:57:35+00:00","dateModified":"2023-01-29T17:50:44+00:00","breadcrumb":{"@id":"https:\/\/www.marianogarau.org\/carnegie-hall-new-york-jesu-mi-dulcissime-mariano-garau\/#breadcrumb"},"inLanguage":"fr-FR","potentialAction":[{"@type":"ReadAction","target":["https:\/\/www.marianogarau.org\/carnegie-hall-new-york-jesu-mi-dulcissime-mariano-garau\/"]}]},{"@type":"ImageObject","inLanguage":"fr-FR","@id":"https:\/\/www.marianogarau.org\/carnegie-hall-new-york-jesu-mi-dulcissime-mariano-garau\/#primaryimage","url":"https:\/\/www.marianogarau.org\/wp-content\/uploads\/2018\/02\/stern_auditorium__x_large.jpg","contentUrl":"https:\/\/www.marianogarau.org\/wp-content\/uploads\/2018\/02\/stern_auditorium__x_large.jpg","width":1500,"height":1000},{"@type":"BreadcrumbList","@id":"https:\/\/www.marianogarau.org\/carnegie-hall-new-york-jesu-mi-dulcissime-mariano-garau\/#breadcrumb","itemListElement":[{"@type":"ListItem","position":1,"name":"Home","item":"https:\/\/www.marianogarau.org\/"},{"@type":"ListItem","position":2,"name":"CARNEGIE HALL &#8211; New York"}]},{"@type":"WebSite","@id":"https:\/\/www.marianogarau.org\/#website","url":"https:\/\/www.marianogarau.org\/","name":"Mariano Garau - Compositeur","description":"Compositeur de musique","publisher":{"@id":"https:\/\/www.marianogarau.org\/#\/schema\/person\/e4d73d58aa8bf49287956511f05bd4b0"},"potentialAction":[{"@type":"SearchAction","target":{"@type":"EntryPoint","urlTemplate":"https:\/\/www.marianogarau.org\/?s={search_term_string}"},"query-input":{"@type":"PropertyValueSpecification","valueRequired":true,"valueName":"search_term_string"}}],"inLanguage":"fr-FR"},{"@type":["Person","Organization"],"@id":"https:\/\/www.marianogarau.org\/#\/schema\/person\/e4d73d58aa8bf49287956511f05bd4b0","name":"Mariano Garau","image":{"@type":"ImageObject","inLanguage":"fr-FR","@id":"https:\/\/www.marianogarau.org\/wp-content\/uploads\/2017\/05\/MARIANO-GARAU-LOGO-1.png","url":"https:\/\/www.marianogarau.org\/wp-content\/uploads\/2017\/05\/MARIANO-GARAU-LOGO-1.png","contentUrl":"https:\/\/www.marianogarau.org\/wp-content\/uploads\/2017\/05\/MARIANO-GARAU-LOGO-1.png","width":680,"height":312,"caption":"Mariano Garau"},"logo":{"@id":"https:\/\/www.marianogarau.org\/wp-content\/uploads\/2017\/05\/MARIANO-GARAU-LOGO-1.png"},"sameAs":["http:\/\/www.marianogarau.org"]}]}},"_links":{"self":[{"href":"https:\/\/www.marianogarau.org\/fr\/wp-json\/wp\/v2\/posts\/1893","targetHints":{"allow":["GET"]}}],"collection":[{"href":"https:\/\/www.marianogarau.org\/fr\/wp-json\/wp\/v2\/posts"}],"about":[{"href":"https:\/\/www.marianogarau.org\/fr\/wp-json\/wp\/v2\/types\/post"}],"author":[{"embeddable":true,"href":"https:\/\/www.marianogarau.org\/fr\/wp-json\/wp\/v2\/users\/4"}],"replies":[{"embeddable":true,"href":"https:\/\/www.marianogarau.org\/fr\/wp-json\/wp\/v2\/comments?post=1893"}],"version-history":[{"count":0,"href":"https:\/\/www.marianogarau.org\/fr\/wp-json\/wp\/v2\/posts\/1893\/revisions"}],"wp:featuredmedia":[{"embeddable":true,"href":"https:\/\/www.marianogarau.org\/fr\/wp-json\/wp\/v2\/media\/1894"}],"wp:attachment":[{"href":"https:\/\/www.marianogarau.org\/fr\/wp-json\/wp\/v2\/media?parent=1893"}],"wp:term":[{"taxonomy":"category","embeddable":true,"href":"https:\/\/www.marianogarau.org\/fr\/wp-json\/wp\/v2\/categories?post=1893"},{"taxonomy":"post_tag","embeddable":true,"href":"https:\/\/www.marianogarau.org\/fr\/wp-json\/wp\/v2\/tags?post=1893"}],"curies":[{"name":"wp","href":"https:\/\/api.w.org\/{rel}","templated":true}]}}