{"id":4195,"date":"2022-08-11T10:50:28","date_gmt":"2022-08-11T08:50:28","guid":{"rendered":"https:\/\/www.marianogarau.org\/?p=4195"},"modified":"2022-09-03T16:41:59","modified_gmt":"2022-09-03T14:41:59","slug":"jaroslaw-wolanin","status":"publish","type":"post","link":"https:\/\/www.marianogarau.org\/de\/jaroslaw-wolanin\/","title":{"rendered":"Jaros\u0142aw Wolanin"},"content":{"rendered":"<section  class='av_textblock_section av-l6osv121-f70007fbd8c7eae2979d84c4b7f65bc2'   itemscope=\"itemscope\" itemtype=\"https:\/\/schema.org\/BlogPosting\" itemprop=\"blogPost\" ><div class='avia_textblock'  itemprop=\"text\" ><p><img loading=\"lazy\" decoding=\"async\" class=\"size-medium wp-image-4186 alignleft\" src=\"https:\/\/www.marianogarau.org\/wp-content\/uploads\/2022\/08\/278821383_1139580540158241_3225226365833294208_n-200x300.jpg\" alt=\"\" width=\"200\" height=\"300\" srcset=\"https:\/\/www.marianogarau.org\/wp-content\/uploads\/2022\/08\/278821383_1139580540158241_3225226365833294208_n-200x300.jpg 200w, https:\/\/www.marianogarau.org\/wp-content\/uploads\/2022\/08\/278821383_1139580540158241_3225226365833294208_n-600x900.jpg 600w, https:\/\/www.marianogarau.org\/wp-content\/uploads\/2022\/08\/278821383_1139580540158241_3225226365833294208_n-8x12.jpg 8w, https:\/\/www.marianogarau.org\/wp-content\/uploads\/2022\/08\/278821383_1139580540158241_3225226365833294208_n-470x705.jpg 470w, https:\/\/www.marianogarau.org\/wp-content\/uploads\/2022\/08\/278821383_1139580540158241_3225226365833294208_n.jpg 683w\" sizes=\"auto, (max-width: 200px) 100vw, 200px\" \/><\/p>\n<p>Cho\u0107 oszcz\u0119dna w \u015brodkach, jednak niezwykle g\u0142\u0119boka w wyrazie muzyka <strong>Mariano Garau<\/strong> dostarcza niezwyk\u0142ych prze\u017cy\u0107 i potrafi przenie\u015b\u0107 s\u0142uchacza w inn\u0105 rzeczywisto\u015b\u0107 - \u015bwiat pe\u0142en blasku, pokoju i dobra. Znakomite wyczucie ch\u00f3ru, jego mo\u017cliwo\u015bci barwowych w po\u0142\u0105czeniu z osobist\u0105 wiar\u0105 i wra\u017cliwo\u015bci\u0105 kompozytora na pi\u0119kno staj\u0105 si\u0119 punktem wyj\u015bcia do dzia\u0142a\u0144, kt\u00f3rych efektem s\u0105 powsta\u0142e kompozycje. Ka\u017cdy z kilkunastu utwor\u00f3w kompozytora, jaki mia\u0142em przyjemno\u015b\u0107 wykonywa\u0107, by\u0142 dla mnie (a w moim odczuciu r\u00f3wnie\u017c dla \u015bpiewak\u00f3w ch\u00f3ru) nie tylko \u017ar\u00f3d\u0142em satysfakcji, ale te\u017c wzrusze\u0144 i refleksji.<\/p>\n<p>Die Musik von Mariano Garau ist \u00e4u\u00dferst ausdrucksstark und bietet au\u00dfergew\u00f6hnliche Erlebnisse, die den H\u00f6rer in eine andere Realit\u00e4t versetzen: eine Welt voller Pracht, Frieden und G\u00fcte. Der gro\u00dfe Sinn des Chores, seine klanglichen M\u00f6glichkeiten, verbunden mit dem pers\u00f6nlichen Glauben und der Sensibilit\u00e4t des Komponisten f\u00fcr das Sch\u00f6ne, werden zum Ausgangspunkt der Aktivit\u00e4ten, deren Ergebnis die Kompositionen sind. Jedes der etwa zehn St\u00fccke des Komponisten, die ich auff\u00fchren durfte, war f\u00fcr mich (und meiner Meinung nach auch f\u00fcr die Chors\u00e4nger) nicht nur eine Quelle der Befriedigung, sondern auch der Emotion und des Nachdenkens.<\/p>\n<p><strong>Jaros\u0142aw Wolanin<\/strong><\/p>\n<p>Meisterdirigent des \"Ch\u00f3r Filharmonii \u015al\u0105skiej\" (Polen)<\/p>\n<\/div><\/section>","protected":false},"excerpt":{"rendered":"","protected":false},"author":4,"featured_media":4186,"comment_status":"open","ping_status":"open","sticky":false,"template":"","format":"standard","meta":{"footnotes":""},"categories":[5],"tags":[],"class_list":["post-4195","post","type-post","status-publish","format-standard","has-post-thumbnail","hentry","category-recensioni"],"yoast_head":"<!-- This site is optimized with the Yoast SEO plugin v27.5 - https:\/\/yoast.com\/product\/yoast-seo-wordpress\/ -->\n<title>Jaros\u0142aw Wolanin - Mariano Garau - Compositore<\/title>\n<meta name=\"robots\" content=\"index, follow, max-snippet:-1, max-image-preview:large, max-video-preview:-1\" \/>\n<link rel=\"canonical\" href=\"https:\/\/www.marianogarau.org\/de\/jaroslaw-wolanin\/\" \/>\n<meta property=\"og:locale\" content=\"de_DE\" \/>\n<meta property=\"og:type\" content=\"article\" \/>\n<meta property=\"og:title\" content=\"Jaros\u0142aw Wolanin - Mariano Garau - Compositore\" \/>\n<meta property=\"og:url\" content=\"https:\/\/www.marianogarau.org\/de\/jaroslaw-wolanin\/\" \/>\n<meta property=\"og:site_name\" content=\"Mariano Garau - Compositore\" \/>\n<meta property=\"article:published_time\" content=\"2022-08-11T08:50:28+00:00\" \/>\n<meta property=\"article:modified_time\" content=\"2022-09-03T14:41:59+00:00\" \/>\n<meta property=\"og:image\" content=\"https:\/\/www.marianogarau.org\/wp-content\/uploads\/2022\/08\/278821383_1139580540158241_3225226365833294208_n.jpg\" \/>\n\t<meta property=\"og:image:width\" content=\"683\" \/>\n\t<meta property=\"og:image:height\" content=\"1024\" \/>\n\t<meta property=\"og:image:type\" content=\"image\/jpeg\" \/>\n<meta name=\"author\" content=\"Mariano Garau\" \/>\n<meta name=\"twitter:card\" content=\"summary_large_image\" \/>\n<meta name=\"twitter:creator\" content=\"@MarianoGarau\" \/>\n<meta name=\"twitter:site\" content=\"@MarianoGarau\" \/>\n<meta name=\"twitter:label1\" content=\"Verfasst von\" \/>\n\t<meta name=\"twitter:data1\" content=\"Mariano Garau\" \/>\n\t<meta name=\"twitter:label2\" content=\"Gesch\u00e4tzte Lesezeit\" \/>\n\t<meta name=\"twitter:data2\" content=\"2\u00a0Minuten\" \/>\n<script type=\"application\/ld+json\" class=\"yoast-schema-graph\">{\"@context\":\"https:\\\/\\\/schema.org\",\"@graph\":[{\"@type\":\"Article\",\"@id\":\"https:\\\/\\\/www.marianogarau.org\\\/jaroslaw-wolanin\\\/#article\",\"isPartOf\":{\"@id\":\"https:\\\/\\\/www.marianogarau.org\\\/jaroslaw-wolanin\\\/\"},\"author\":{\"name\":\"Mariano Garau\",\"@id\":\"https:\\\/\\\/www.marianogarau.org\\\/#\\\/schema\\\/person\\\/e4d73d58aa8bf49287956511f05bd4b0\"},\"headline\":\"Jaros\u0142aw Wolanin\",\"datePublished\":\"2022-08-11T08:50:28+00:00\",\"dateModified\":\"2022-09-03T14:41:59+00:00\",\"mainEntityOfPage\":{\"@id\":\"https:\\\/\\\/www.marianogarau.org\\\/jaroslaw-wolanin\\\/\"},\"wordCount\":264,\"commentCount\":0,\"publisher\":{\"@id\":\"https:\\\/\\\/www.marianogarau.org\\\/#\\\/schema\\\/person\\\/e4d73d58aa8bf49287956511f05bd4b0\"},\"image\":{\"@id\":\"https:\\\/\\\/www.marianogarau.org\\\/jaroslaw-wolanin\\\/#primaryimage\"},\"thumbnailUrl\":\"https:\\\/\\\/www.marianogarau.org\\\/wp-content\\\/uploads\\\/2022\\\/08\\\/278821383_1139580540158241_3225226365833294208_n.jpg\",\"articleSection\":[\"Recensioni\"],\"inLanguage\":\"de\",\"potentialAction\":[{\"@type\":\"CommentAction\",\"name\":\"Comment\",\"target\":[\"https:\\\/\\\/www.marianogarau.org\\\/jaroslaw-wolanin\\\/#respond\"]}]},{\"@type\":\"WebPage\",\"@id\":\"https:\\\/\\\/www.marianogarau.org\\\/jaroslaw-wolanin\\\/\",\"url\":\"https:\\\/\\\/www.marianogarau.org\\\/jaroslaw-wolanin\\\/\",\"name\":\"Jaros\u0142aw Wolanin - Mariano Garau - Compositore\",\"isPartOf\":{\"@id\":\"https:\\\/\\\/www.marianogarau.org\\\/#website\"},\"primaryImageOfPage\":{\"@id\":\"https:\\\/\\\/www.marianogarau.org\\\/jaroslaw-wolanin\\\/#primaryimage\"},\"image\":{\"@id\":\"https:\\\/\\\/www.marianogarau.org\\\/jaroslaw-wolanin\\\/#primaryimage\"},\"thumbnailUrl\":\"https:\\\/\\\/www.marianogarau.org\\\/wp-content\\\/uploads\\\/2022\\\/08\\\/278821383_1139580540158241_3225226365833294208_n.jpg\",\"datePublished\":\"2022-08-11T08:50:28+00:00\",\"dateModified\":\"2022-09-03T14:41:59+00:00\",\"breadcrumb\":{\"@id\":\"https:\\\/\\\/www.marianogarau.org\\\/jaroslaw-wolanin\\\/#breadcrumb\"},\"inLanguage\":\"de\",\"potentialAction\":[{\"@type\":\"ReadAction\",\"target\":[\"https:\\\/\\\/www.marianogarau.org\\\/jaroslaw-wolanin\\\/\"]}]},{\"@type\":\"ImageObject\",\"inLanguage\":\"de\",\"@id\":\"https:\\\/\\\/www.marianogarau.org\\\/jaroslaw-wolanin\\\/#primaryimage\",\"url\":\"https:\\\/\\\/www.marianogarau.org\\\/wp-content\\\/uploads\\\/2022\\\/08\\\/278821383_1139580540158241_3225226365833294208_n.jpg\",\"contentUrl\":\"https:\\\/\\\/www.marianogarau.org\\\/wp-content\\\/uploads\\\/2022\\\/08\\\/278821383_1139580540158241_3225226365833294208_n.jpg\",\"width\":683,\"height\":1024},{\"@type\":\"BreadcrumbList\",\"@id\":\"https:\\\/\\\/www.marianogarau.org\\\/jaroslaw-wolanin\\\/#breadcrumb\",\"itemListElement\":[{\"@type\":\"ListItem\",\"position\":1,\"name\":\"Home\",\"item\":\"https:\\\/\\\/www.marianogarau.org\\\/\"},{\"@type\":\"ListItem\",\"position\":2,\"name\":\"Jaros\u0142aw Wolanin\"}]},{\"@type\":\"WebSite\",\"@id\":\"https:\\\/\\\/www.marianogarau.org\\\/#website\",\"url\":\"https:\\\/\\\/www.marianogarau.org\\\/\",\"name\":\"Mariano Garau - Compositore\",\"description\":\"Compositore di Musica\",\"publisher\":{\"@id\":\"https:\\\/\\\/www.marianogarau.org\\\/#\\\/schema\\\/person\\\/e4d73d58aa8bf49287956511f05bd4b0\"},\"potentialAction\":[{\"@type\":\"SearchAction\",\"target\":{\"@type\":\"EntryPoint\",\"urlTemplate\":\"https:\\\/\\\/www.marianogarau.org\\\/?s={search_term_string}\"},\"query-input\":{\"@type\":\"PropertyValueSpecification\",\"valueRequired\":true,\"valueName\":\"search_term_string\"}}],\"inLanguage\":\"de\"},{\"@type\":[\"Person\",\"Organization\"],\"@id\":\"https:\\\/\\\/www.marianogarau.org\\\/#\\\/schema\\\/person\\\/e4d73d58aa8bf49287956511f05bd4b0\",\"name\":\"Mariano Garau\",\"image\":{\"@type\":\"ImageObject\",\"inLanguage\":\"de\",\"@id\":\"https:\\\/\\\/www.marianogarau.org\\\/wp-content\\\/uploads\\\/2017\\\/05\\\/MARIANO-GARAU-LOGO-1.png\",\"url\":\"https:\\\/\\\/www.marianogarau.org\\\/wp-content\\\/uploads\\\/2017\\\/05\\\/MARIANO-GARAU-LOGO-1.png\",\"contentUrl\":\"https:\\\/\\\/www.marianogarau.org\\\/wp-content\\\/uploads\\\/2017\\\/05\\\/MARIANO-GARAU-LOGO-1.png\",\"width\":680,\"height\":312,\"caption\":\"Mariano Garau\"},\"logo\":{\"@id\":\"https:\\\/\\\/www.marianogarau.org\\\/wp-content\\\/uploads\\\/2017\\\/05\\\/MARIANO-GARAU-LOGO-1.png\"},\"sameAs\":[\"http:\\\/\\\/www.marianogarau.org\"]}]}<\/script>\n<!-- \/ Yoast SEO plugin. -->","yoast_head_json":{"title":"Jaros\u0142aw Wolanin - Mariano Garau - Komponist","robots":{"index":"index","follow":"follow","max-snippet":"max-snippet:-1","max-image-preview":"max-image-preview:large","max-video-preview":"max-video-preview:-1"},"canonical":"https:\/\/www.marianogarau.org\/de\/jaroslaw-wolanin\/","og_locale":"de_DE","og_type":"article","og_title":"Jaros\u0142aw Wolanin - Mariano Garau - Compositore","og_url":"https:\/\/www.marianogarau.org\/de\/jaroslaw-wolanin\/","og_site_name":"Mariano Garau - Compositore","article_published_time":"2022-08-11T08:50:28+00:00","article_modified_time":"2022-09-03T14:41:59+00:00","og_image":[{"width":683,"height":1024,"url":"https:\/\/www.marianogarau.org\/wp-content\/uploads\/2022\/08\/278821383_1139580540158241_3225226365833294208_n.jpg","type":"image\/jpeg"}],"author":"Mariano Garau","twitter_card":"summary_large_image","twitter_creator":"@MarianoGarau","twitter_site":"@MarianoGarau","twitter_misc":{"Verfasst von":"Mariano Garau","Gesch\u00e4tzte Lesezeit":"2\u00a0Minuten"},"schema":{"@context":"https:\/\/schema.org","@graph":[{"@type":"Article","@id":"https:\/\/www.marianogarau.org\/jaroslaw-wolanin\/#article","isPartOf":{"@id":"https:\/\/www.marianogarau.org\/jaroslaw-wolanin\/"},"author":{"name":"Mariano Garau","@id":"https:\/\/www.marianogarau.org\/#\/schema\/person\/e4d73d58aa8bf49287956511f05bd4b0"},"headline":"Jaros\u0142aw Wolanin","datePublished":"2022-08-11T08:50:28+00:00","dateModified":"2022-09-03T14:41:59+00:00","mainEntityOfPage":{"@id":"https:\/\/www.marianogarau.org\/jaroslaw-wolanin\/"},"wordCount":264,"commentCount":0,"publisher":{"@id":"https:\/\/www.marianogarau.org\/#\/schema\/person\/e4d73d58aa8bf49287956511f05bd4b0"},"image":{"@id":"https:\/\/www.marianogarau.org\/jaroslaw-wolanin\/#primaryimage"},"thumbnailUrl":"https:\/\/www.marianogarau.org\/wp-content\/uploads\/2022\/08\/278821383_1139580540158241_3225226365833294208_n.jpg","articleSection":["Recensioni"],"inLanguage":"de","potentialAction":[{"@type":"CommentAction","name":"Comment","target":["https:\/\/www.marianogarau.org\/jaroslaw-wolanin\/#respond"]}]},{"@type":"WebPage","@id":"https:\/\/www.marianogarau.org\/jaroslaw-wolanin\/","url":"https:\/\/www.marianogarau.org\/jaroslaw-wolanin\/","name":"Jaros\u0142aw Wolanin - Mariano Garau - Komponist","isPartOf":{"@id":"https:\/\/www.marianogarau.org\/#website"},"primaryImageOfPage":{"@id":"https:\/\/www.marianogarau.org\/jaroslaw-wolanin\/#primaryimage"},"image":{"@id":"https:\/\/www.marianogarau.org\/jaroslaw-wolanin\/#primaryimage"},"thumbnailUrl":"https:\/\/www.marianogarau.org\/wp-content\/uploads\/2022\/08\/278821383_1139580540158241_3225226365833294208_n.jpg","datePublished":"2022-08-11T08:50:28+00:00","dateModified":"2022-09-03T14:41:59+00:00","breadcrumb":{"@id":"https:\/\/www.marianogarau.org\/jaroslaw-wolanin\/#breadcrumb"},"inLanguage":"de","potentialAction":[{"@type":"ReadAction","target":["https:\/\/www.marianogarau.org\/jaroslaw-wolanin\/"]}]},{"@type":"ImageObject","inLanguage":"de","@id":"https:\/\/www.marianogarau.org\/jaroslaw-wolanin\/#primaryimage","url":"https:\/\/www.marianogarau.org\/wp-content\/uploads\/2022\/08\/278821383_1139580540158241_3225226365833294208_n.jpg","contentUrl":"https:\/\/www.marianogarau.org\/wp-content\/uploads\/2022\/08\/278821383_1139580540158241_3225226365833294208_n.jpg","width":683,"height":1024},{"@type":"BreadcrumbList","@id":"https:\/\/www.marianogarau.org\/jaroslaw-wolanin\/#breadcrumb","itemListElement":[{"@type":"ListItem","position":1,"name":"Home","item":"https:\/\/www.marianogarau.org\/"},{"@type":"ListItem","position":2,"name":"Jaros\u0142aw Wolanin"}]},{"@type":"WebSite","@id":"https:\/\/www.marianogarau.org\/#website","url":"https:\/\/www.marianogarau.org\/","name":"Mariano Garau - Komponist","description":"Musik Komponist","publisher":{"@id":"https:\/\/www.marianogarau.org\/#\/schema\/person\/e4d73d58aa8bf49287956511f05bd4b0"},"potentialAction":[{"@type":"SearchAction","target":{"@type":"EntryPoint","urlTemplate":"https:\/\/www.marianogarau.org\/?s={search_term_string}"},"query-input":{"@type":"PropertyValueSpecification","valueRequired":true,"valueName":"search_term_string"}}],"inLanguage":"de"},{"@type":["Person","Organization"],"@id":"https:\/\/www.marianogarau.org\/#\/schema\/person\/e4d73d58aa8bf49287956511f05bd4b0","name":"Mariano Garau","image":{"@type":"ImageObject","inLanguage":"de","@id":"https:\/\/www.marianogarau.org\/wp-content\/uploads\/2017\/05\/MARIANO-GARAU-LOGO-1.png","url":"https:\/\/www.marianogarau.org\/wp-content\/uploads\/2017\/05\/MARIANO-GARAU-LOGO-1.png","contentUrl":"https:\/\/www.marianogarau.org\/wp-content\/uploads\/2017\/05\/MARIANO-GARAU-LOGO-1.png","width":680,"height":312,"caption":"Mariano Garau"},"logo":{"@id":"https:\/\/www.marianogarau.org\/wp-content\/uploads\/2017\/05\/MARIANO-GARAU-LOGO-1.png"},"sameAs":["http:\/\/www.marianogarau.org"]}]}},"_links":{"self":[{"href":"https:\/\/www.marianogarau.org\/de\/wp-json\/wp\/v2\/posts\/4195","targetHints":{"allow":["GET"]}}],"collection":[{"href":"https:\/\/www.marianogarau.org\/de\/wp-json\/wp\/v2\/posts"}],"about":[{"href":"https:\/\/www.marianogarau.org\/de\/wp-json\/wp\/v2\/types\/post"}],"author":[{"embeddable":true,"href":"https:\/\/www.marianogarau.org\/de\/wp-json\/wp\/v2\/users\/4"}],"replies":[{"embeddable":true,"href":"https:\/\/www.marianogarau.org\/de\/wp-json\/wp\/v2\/comments?post=4195"}],"version-history":[{"count":0,"href":"https:\/\/www.marianogarau.org\/de\/wp-json\/wp\/v2\/posts\/4195\/revisions"}],"wp:featuredmedia":[{"embeddable":true,"href":"https:\/\/www.marianogarau.org\/de\/wp-json\/wp\/v2\/media\/4186"}],"wp:attachment":[{"href":"https:\/\/www.marianogarau.org\/de\/wp-json\/wp\/v2\/media?parent=4195"}],"wp:term":[{"taxonomy":"category","embeddable":true,"href":"https:\/\/www.marianogarau.org\/de\/wp-json\/wp\/v2\/categories?post=4195"},{"taxonomy":"post_tag","embeddable":true,"href":"https:\/\/www.marianogarau.org\/de\/wp-json\/wp\/v2\/tags?post=4195"}],"curies":[{"name":"wp","href":"https:\/\/api.w.org\/{rel}","templated":true}]}}