{"id":8119,"date":"2024-06-18T12:00:45","date_gmt":"2024-06-18T10:00:45","guid":{"rendered":"https:\/\/www.marianogarau.org\/?p=8119"},"modified":"2024-06-18T12:13:38","modified_gmt":"2024-06-18T10:13:38","slug":"concerto-a-los-angeles","status":"publish","type":"post","link":"http:\/\/www.marianogarau.org\/fr\/concerto-a-los-angeles\/","title":{"rendered":"Concert \u00e0 Los Angeles"},"content":{"rendered":"<div  class='flex_column av-2wwyrr-2acc3856aae41a30c358640081f04367 av_one_third  avia-builder-el-0  el_before_av_one_third  avia-builder-el-first  first flex_column_div'     ><style type=\"text\/css\" data-created_by=\"avia_inline_auto\" id=\"style-css-av-lxk8hjsh-cdcf0dee9a4657687ebf4f00c510229e\">\n.avia-image-container.av-lxk8hjsh-cdcf0dee9a4657687ebf4f00c510229e img.avia_image{\nbox-shadow:none;\n}\n.avia-image-container.av-lxk8hjsh-cdcf0dee9a4657687ebf4f00c510229e .av-image-caption-overlay-center{\ncolor:#ffffff;\n}\n<\/style>\n<div  class='avia-image-container av-lxk8hjsh-cdcf0dee9a4657687ebf4f00c510229e av-styling- avia-align-center  avia-builder-el-1  avia-builder-el-no-sibling'   itemprop=\"image\" itemscope=\"itemscope\" itemtype=\"https:\/\/schema.org\/ImageObject\" ><div class=\"avia-image-container-inner\"><div class=\"avia-image-overlay-wrap\"><img decoding=\"async\" fetchpriority=\"high\" class='wp-image-8120 avia-img-lazy-loading-not-8120 avia_image' src=\"https:\/\/www.marianogarau.org\/wp-content\/uploads\/2024\/06\/448595886_1619120132204277_5871453320540446804_n-728x1030.jpg\" alt='' title=''  height=\"1030\" width=\"728\"  itemprop=\"thumbnailUrl\" srcset=\"https:\/\/www.marianogarau.org\/wp-content\/uploads\/2024\/06\/448595886_1619120132204277_5871453320540446804_n-728x1030.jpg 728w, https:\/\/www.marianogarau.org\/wp-content\/uploads\/2024\/06\/448595886_1619120132204277_5871453320540446804_n-212x300.jpg 212w, https:\/\/www.marianogarau.org\/wp-content\/uploads\/2024\/06\/448595886_1619120132204277_5871453320540446804_n-768x1086.jpg 768w, https:\/\/www.marianogarau.org\/wp-content\/uploads\/2024\/06\/448595886_1619120132204277_5871453320540446804_n-1086x1536.jpg 1086w, https:\/\/www.marianogarau.org\/wp-content\/uploads\/2024\/06\/448595886_1619120132204277_5871453320540446804_n-8x12.jpg 8w, https:\/\/www.marianogarau.org\/wp-content\/uploads\/2024\/06\/448595886_1619120132204277_5871453320540446804_n-1060x1500.jpg 1060w, https:\/\/www.marianogarau.org\/wp-content\/uploads\/2024\/06\/448595886_1619120132204277_5871453320540446804_n-498x705.jpg 498w, https:\/\/www.marianogarau.org\/wp-content\/uploads\/2024\/06\/448595886_1619120132204277_5871453320540446804_n.jpg 1122w\" sizes=\"(max-width: 728px) 100vw, 728px\" \/><\/div><\/div><\/div><\/div>\n<div  class='flex_column av-1x3yg7-170aa2aeeebb74aa88e37622f0c1e529 av_one_third  avia-builder-el-2  el_after_av_one_third  el_before_av_one_third  flex_column_div'     ><section  class='av_textblock_section av-lxk8n3sl-4b2957a5c8ae1db923d40f777ae7868a'   itemscope=\"itemscope\" itemtype=\"https:\/\/schema.org\/BlogPosting\" itemprop=\"blogPost\" ><div class='avia_textblock'  itemprop=\"text\" ><p><strong>UNIVERSITY OF LA VERNE CHAMBER SINGERS - Los Angeles, CA, USA<\/strong><\/p>\n<ul>\n<li>Chorleiter : Ariel Pisturino<\/li>\n<li>Clavier : Jason Lo<\/li>\n<\/ul>\n<p><strong>Programme :<\/strong><\/p>\n<ul>\n<li>Thomas Morley : Sing We And Chant It<\/li>\n<li>Arr. Adriano Secco : La foire de Scarborough<\/li>\n<li><strong>Mariano Garau : Ave verum corpus<\/strong><\/li>\n<li>John Lennon, Paul McCartney : Let It Be<\/li>\n<li>Donald Moore : Alleluia Madrigal<\/li>\n<li>Juan Ponce : Todo mi bien e perdido<\/li>\n<li>Arr. Joseph Flummerfelt : O Danny Boy<\/li>\n<li>Thomas Morley : Philom\u00e8le a perdu son amour comme des torrents en \u00e9t\u00e9<\/li>\n<li>Arr. Donald Moore : Madrigaux de la M\u00e8re l'Oie<\/li>\n<li>Arr. Edward Higginbottom : Down by the Salley Gardens<\/li>\n<li>Paul Simon : Le son du silence<\/li>\n<li>Arr. Daniel Hughes : Landlord, Fill the Flowing Bowl (Seigneur, remplissez la coupe qui coule)<\/li>\n<li>Arr. Nathan Howe : Wannabe<\/li>\n<\/ul>\n<\/div><\/section><\/div>\n<div  class='flex_column av-386wyv-484c995a0048721860c2ed4d58413ada av_one_third  avia-builder-el-4  el_after_av_one_third  avia-builder-el-last  flex_column_div'     ><style type=\"text\/css\" data-created_by=\"avia_inline_auto\" id=\"style-css-av-lxk8y4f8-5e522c6f885f0185704cf94781173252\">\n#top .avia-gallery.av-lxk8y4f8-5e522c6f885f0185704cf94781173252 .avia-gallery-thumb a{\nwidth:20%;\n}\n<\/style>\n<div  class='avia-gallery av-lxk8y4f8-5e522c6f885f0185704cf94781173252 avia_animate_when_visible  avia-builder-el-5  avia-builder-el-no-sibling  av-hide-gallery-thumbs deactivate_avia_lazyload av-slideshow-ui av-loop-manual-endless av-control-hidden av-navigate-arrows hover-effect av-control-hidden avia-gallery-animate avia-gallery-1'  itemprop=\"image\" itemscope=\"itemscope\" itemtype=\"https:\/\/schema.org\/ImageObject\" ><meta itemprop=\"contentURL\" content=\"http:\/\/www.marianogarau.org\/fr\/concerto-a-los-angeles\/\"><div class='avia-gallery-big-wrapper'><a class='avia-gallery-big fakeLightbox lightbox avia-gallery-big-crop-thumb' href=\"https:\/\/www.marianogarau.org\/wp-content\/uploads\/2024\/06\/448684310_1619120155537608_1690770708982039573_n-2-1030x419.jpg\" data-srcset=\"https:\/\/www.marianogarau.org\/wp-content\/uploads\/2024\/06\/448684310_1619120155537608_1690770708982039573_n-2-1030x419.jpg 1030w, https:\/\/www.marianogarau.org\/wp-content\/uploads\/2024\/06\/448684310_1619120155537608_1690770708982039573_n-2-300x122.jpg 300w, https:\/\/www.marianogarau.org\/wp-content\/uploads\/2024\/06\/448684310_1619120155537608_1690770708982039573_n-2-768x312.jpg 768w, https:\/\/www.marianogarau.org\/wp-content\/uploads\/2024\/06\/448684310_1619120155537608_1690770708982039573_n-2-1536x625.jpg 1536w, https:\/\/www.marianogarau.org\/wp-content\/uploads\/2024\/06\/448684310_1619120155537608_1690770708982039573_n-2-2048x833.jpg 2048w, https:\/\/www.marianogarau.org\/wp-content\/uploads\/2024\/06\/448684310_1619120155537608_1690770708982039573_n-2-18x7.jpg 18w, https:\/\/www.marianogarau.org\/wp-content\/uploads\/2024\/06\/448684310_1619120155537608_1690770708982039573_n-2-1500x610.jpg 1500w, https:\/\/www.marianogarau.org\/wp-content\/uploads\/2024\/06\/448684310_1619120155537608_1690770708982039573_n-2-705x287.jpg 705w, https:\/\/www.marianogarau.org\/wp-content\/uploads\/2024\/06\/448684310_1619120155537608_1690770708982039573_n-2-1320x537.jpg 1320w\" data-sizes=\"(max-width: 1030px) 100vw, 1030px\"  data-onclick='1' title='' ><span class='avia-gallery-big-inner'  itemprop=\"thumbnailUrl\" ><img decoding=\"async\" fetchpriority=\"high\" class=\"wp-image-8127 avia-img-lazy-loading-not-8127\"  width=\"495\" height=\"400\" src=\"https:\/\/www.marianogarau.org\/wp-content\/uploads\/2024\/06\/448684310_1619120155537608_1690770708982039573_n-2-495x400.jpg\" title='' alt='' srcset=\"https:\/\/www.marianogarau.org\/wp-content\/uploads\/2024\/06\/448684310_1619120155537608_1690770708982039573_n-2-495x400.jpg 495w, https:\/\/www.marianogarau.org\/wp-content\/uploads\/2024\/06\/448684310_1619120155537608_1690770708982039573_n-2-845x684.jpg 845w\" sizes=\"(max-width: 495px) 100vw, 495px\" \/><\/span><\/a><\/div><div class='avia-gallery-thumb'><a href=\"https:\/\/www.marianogarau.org\/wp-content\/uploads\/2024\/06\/448684310_1619120155537608_1690770708982039573_n-2-1030x419.jpg\" data-srcset=\"https:\/\/www.marianogarau.org\/wp-content\/uploads\/2024\/06\/448684310_1619120155537608_1690770708982039573_n-2-1030x419.jpg 1030w, https:\/\/www.marianogarau.org\/wp-content\/uploads\/2024\/06\/448684310_1619120155537608_1690770708982039573_n-2-300x122.jpg 300w, https:\/\/www.marianogarau.org\/wp-content\/uploads\/2024\/06\/448684310_1619120155537608_1690770708982039573_n-2-768x312.jpg 768w, https:\/\/www.marianogarau.org\/wp-content\/uploads\/2024\/06\/448684310_1619120155537608_1690770708982039573_n-2-1536x625.jpg 1536w, https:\/\/www.marianogarau.org\/wp-content\/uploads\/2024\/06\/448684310_1619120155537608_1690770708982039573_n-2-2048x833.jpg 2048w, https:\/\/www.marianogarau.org\/wp-content\/uploads\/2024\/06\/448684310_1619120155537608_1690770708982039573_n-2-18x7.jpg 18w, https:\/\/www.marianogarau.org\/wp-content\/uploads\/2024\/06\/448684310_1619120155537608_1690770708982039573_n-2-1500x610.jpg 1500w, https:\/\/www.marianogarau.org\/wp-content\/uploads\/2024\/06\/448684310_1619120155537608_1690770708982039573_n-2-705x287.jpg 705w, https:\/\/www.marianogarau.org\/wp-content\/uploads\/2024\/06\/448684310_1619120155537608_1690770708982039573_n-2-1320x537.jpg 1320w\" data-sizes=\"(max-width: 1030px) 100vw, 1030px\" data-rel='gallery-1' data-prev-img='https:\/\/www.marianogarau.org\/wp-content\/uploads\/2024\/06\/448684310_1619120155537608_1690770708982039573_n-2-495x400.jpg' class='first_thumb lightbox' data-onclick='1' title=''  itemprop=\"thumbnailUrl\"  ><img decoding=\"async\" fetchpriority=\"high\" class=\"wp-image-8127 avia-img-lazy-loading-not-8127\"   src=\"https:\/\/www.marianogarau.org\/wp-content\/uploads\/2024\/06\/448684310_1619120155537608_1690770708982039573_n-2-495x400.jpg\" width=\"495\" height=\"400\"  title='' alt='' srcset=\"https:\/\/www.marianogarau.org\/wp-content\/uploads\/2024\/06\/448684310_1619120155537608_1690770708982039573_n-2-495x400.jpg 495w, https:\/\/www.marianogarau.org\/wp-content\/uploads\/2024\/06\/448684310_1619120155537608_1690770708982039573_n-2-845x684.jpg 845w\" sizes=\"(max-width: 495px) 100vw, 495px\" \/><div class='big-prev-fake'><img decoding=\"async\" loading=\"lazy\" class=\"wp-image-8127 avia-img-lazy-loading-8127\"  width=\"495\" height=\"400\" src=\"https:\/\/www.marianogarau.org\/wp-content\/uploads\/2024\/06\/448684310_1619120155537608_1690770708982039573_n-2-495x400.jpg\" title='' alt='' srcset=\"https:\/\/www.marianogarau.org\/wp-content\/uploads\/2024\/06\/448684310_1619120155537608_1690770708982039573_n-2-495x400.jpg 495w, https:\/\/www.marianogarau.org\/wp-content\/uploads\/2024\/06\/448684310_1619120155537608_1690770708982039573_n-2-845x684.jpg 845w\" sizes=\"auto, (max-width: 495px) 100vw, 495px\" \/><\/div><\/a><\/div><\/div><\/div>","protected":false},"excerpt":{"rendered":"","protected":false},"author":4,"featured_media":8123,"comment_status":"open","ping_status":"open","sticky":false,"template":"","format":"standard","meta":{"footnotes":""},"categories":[3],"tags":[],"class_list":["post-8119","post","type-post","status-publish","format-standard","has-post-thumbnail","hentry","category-eventi"],"yoast_head":"<!-- This site is optimized with the Yoast SEO plugin v27.5 - https:\/\/yoast.com\/product\/yoast-seo-wordpress\/ -->\n<title>Concerto a Los Angeles - Mariano Garau - Compositore<\/title>\n<meta name=\"robots\" content=\"index, follow, max-snippet:-1, max-image-preview:large, max-video-preview:-1\" \/>\n<link rel=\"canonical\" href=\"https:\/\/www.marianogarau.org\/fr\/concerto-a-los-angeles\/\" \/>\n<meta property=\"og:locale\" content=\"fr_FR\" \/>\n<meta property=\"og:type\" content=\"article\" \/>\n<meta property=\"og:title\" content=\"Concerto a Los Angeles - Mariano Garau - Compositore\" \/>\n<meta property=\"og:url\" content=\"https:\/\/www.marianogarau.org\/fr\/concerto-a-los-angeles\/\" \/>\n<meta property=\"og:site_name\" content=\"Mariano Garau - Compositore\" \/>\n<meta property=\"article:published_time\" content=\"2024-06-18T10:00:45+00:00\" \/>\n<meta property=\"article:modified_time\" content=\"2024-06-18T10:13:38+00:00\" \/>\n<meta property=\"og:image\" content=\"https:\/\/www.marianogarau.org\/wp-content\/uploads\/2024\/06\/marianky-ctk_17186112706017_1024x1024_fft_90.webp\" \/>\n\t<meta property=\"og:image:width\" content=\"942\" \/>\n\t<meta property=\"og:image:height\" content=\"530\" \/>\n\t<meta property=\"og:image:type\" content=\"image\/webp\" \/>\n<meta name=\"author\" content=\"Mariano Garau\" \/>\n<meta name=\"twitter:card\" content=\"summary_large_image\" \/>\n<meta name=\"twitter:creator\" content=\"@MarianoGarau\" \/>\n<meta name=\"twitter:site\" content=\"@MarianoGarau\" \/>\n<meta name=\"twitter:label1\" content=\"\u00c9crit par\" \/>\n\t<meta name=\"twitter:data1\" content=\"Mariano Garau\" \/>\n\t<meta name=\"twitter:label2\" content=\"Dur\u00e9e de lecture estim\u00e9e\" \/>\n\t<meta name=\"twitter:data2\" content=\"3 minutes\" \/>\n<script type=\"application\/ld+json\" class=\"yoast-schema-graph\">{\"@context\":\"https:\\\/\\\/schema.org\",\"@graph\":[{\"@type\":\"Article\",\"@id\":\"https:\\\/\\\/www.marianogarau.org\\\/concerto-a-los-angeles\\\/#article\",\"isPartOf\":{\"@id\":\"https:\\\/\\\/www.marianogarau.org\\\/concerto-a-los-angeles\\\/\"},\"author\":{\"name\":\"Mariano Garau\",\"@id\":\"https:\\\/\\\/www.marianogarau.org\\\/#\\\/schema\\\/person\\\/e4d73d58aa8bf49287956511f05bd4b0\"},\"headline\":\"Concerto a Los Angeles\",\"datePublished\":\"2024-06-18T10:00:45+00:00\",\"dateModified\":\"2024-06-18T10:13:38+00:00\",\"mainEntityOfPage\":{\"@id\":\"https:\\\/\\\/www.marianogarau.org\\\/concerto-a-los-angeles\\\/\"},\"wordCount\":1493,\"commentCount\":0,\"publisher\":{\"@id\":\"https:\\\/\\\/www.marianogarau.org\\\/#\\\/schema\\\/person\\\/e4d73d58aa8bf49287956511f05bd4b0\"},\"image\":{\"@id\":\"https:\\\/\\\/www.marianogarau.org\\\/concerto-a-los-angeles\\\/#primaryimage\"},\"thumbnailUrl\":\"https:\\\/\\\/www.marianogarau.org\\\/wp-content\\\/uploads\\\/2024\\\/06\\\/marianky-ctk_17186112706017_1024x1024_fft_90.webp\",\"articleSection\":[\"Eventi\"],\"inLanguage\":\"fr-FR\",\"potentialAction\":[{\"@type\":\"CommentAction\",\"name\":\"Comment\",\"target\":[\"https:\\\/\\\/www.marianogarau.org\\\/concerto-a-los-angeles\\\/#respond\"]}]},{\"@type\":\"WebPage\",\"@id\":\"https:\\\/\\\/www.marianogarau.org\\\/concerto-a-los-angeles\\\/\",\"url\":\"https:\\\/\\\/www.marianogarau.org\\\/concerto-a-los-angeles\\\/\",\"name\":\"Concerto a Los Angeles - Mariano Garau - Compositore\",\"isPartOf\":{\"@id\":\"https:\\\/\\\/www.marianogarau.org\\\/#website\"},\"primaryImageOfPage\":{\"@id\":\"https:\\\/\\\/www.marianogarau.org\\\/concerto-a-los-angeles\\\/#primaryimage\"},\"image\":{\"@id\":\"https:\\\/\\\/www.marianogarau.org\\\/concerto-a-los-angeles\\\/#primaryimage\"},\"thumbnailUrl\":\"https:\\\/\\\/www.marianogarau.org\\\/wp-content\\\/uploads\\\/2024\\\/06\\\/marianky-ctk_17186112706017_1024x1024_fft_90.webp\",\"datePublished\":\"2024-06-18T10:00:45+00:00\",\"dateModified\":\"2024-06-18T10:13:38+00:00\",\"breadcrumb\":{\"@id\":\"https:\\\/\\\/www.marianogarau.org\\\/concerto-a-los-angeles\\\/#breadcrumb\"},\"inLanguage\":\"fr-FR\",\"potentialAction\":[{\"@type\":\"ReadAction\",\"target\":[\"https:\\\/\\\/www.marianogarau.org\\\/concerto-a-los-angeles\\\/\"]}]},{\"@type\":\"ImageObject\",\"inLanguage\":\"fr-FR\",\"@id\":\"https:\\\/\\\/www.marianogarau.org\\\/concerto-a-los-angeles\\\/#primaryimage\",\"url\":\"https:\\\/\\\/www.marianogarau.org\\\/wp-content\\\/uploads\\\/2024\\\/06\\\/marianky-ctk_17186112706017_1024x1024_fft_90.webp\",\"contentUrl\":\"https:\\\/\\\/www.marianogarau.org\\\/wp-content\\\/uploads\\\/2024\\\/06\\\/marianky-ctk_17186112706017_1024x1024_fft_90.webp\",\"width\":942,\"height\":530},{\"@type\":\"BreadcrumbList\",\"@id\":\"https:\\\/\\\/www.marianogarau.org\\\/concerto-a-los-angeles\\\/#breadcrumb\",\"itemListElement\":[{\"@type\":\"ListItem\",\"position\":1,\"name\":\"Home\",\"item\":\"https:\\\/\\\/www.marianogarau.org\\\/\"},{\"@type\":\"ListItem\",\"position\":2,\"name\":\"Concerto a Los Angeles\"}]},{\"@type\":\"WebSite\",\"@id\":\"https:\\\/\\\/www.marianogarau.org\\\/#website\",\"url\":\"https:\\\/\\\/www.marianogarau.org\\\/\",\"name\":\"Mariano Garau - Compositore\",\"description\":\"Compositore di Musica\",\"publisher\":{\"@id\":\"https:\\\/\\\/www.marianogarau.org\\\/#\\\/schema\\\/person\\\/e4d73d58aa8bf49287956511f05bd4b0\"},\"potentialAction\":[{\"@type\":\"SearchAction\",\"target\":{\"@type\":\"EntryPoint\",\"urlTemplate\":\"https:\\\/\\\/www.marianogarau.org\\\/?s={search_term_string}\"},\"query-input\":{\"@type\":\"PropertyValueSpecification\",\"valueRequired\":true,\"valueName\":\"search_term_string\"}}],\"inLanguage\":\"fr-FR\"},{\"@type\":[\"Person\",\"Organization\"],\"@id\":\"https:\\\/\\\/www.marianogarau.org\\\/#\\\/schema\\\/person\\\/e4d73d58aa8bf49287956511f05bd4b0\",\"name\":\"Mariano Garau\",\"image\":{\"@type\":\"ImageObject\",\"inLanguage\":\"fr-FR\",\"@id\":\"https:\\\/\\\/www.marianogarau.org\\\/wp-content\\\/uploads\\\/2017\\\/05\\\/MARIANO-GARAU-LOGO-1.png\",\"url\":\"https:\\\/\\\/www.marianogarau.org\\\/wp-content\\\/uploads\\\/2017\\\/05\\\/MARIANO-GARAU-LOGO-1.png\",\"contentUrl\":\"https:\\\/\\\/www.marianogarau.org\\\/wp-content\\\/uploads\\\/2017\\\/05\\\/MARIANO-GARAU-LOGO-1.png\",\"width\":680,\"height\":312,\"caption\":\"Mariano Garau\"},\"logo\":{\"@id\":\"https:\\\/\\\/www.marianogarau.org\\\/wp-content\\\/uploads\\\/2017\\\/05\\\/MARIANO-GARAU-LOGO-1.png\"},\"sameAs\":[\"http:\\\/\\\/www.marianogarau.org\"]}]}<\/script>\n<!-- \/ Yoast SEO plugin. -->","yoast_head_json":{"title":"Concert \u00e0 Los Angeles - Mariano Garau - Compositeur","robots":{"index":"index","follow":"follow","max-snippet":"max-snippet:-1","max-image-preview":"max-image-preview:large","max-video-preview":"max-video-preview:-1"},"canonical":"https:\/\/www.marianogarau.org\/fr\/concerto-a-los-angeles\/","og_locale":"fr_FR","og_type":"article","og_title":"Concerto a Los Angeles - Mariano Garau - Compositore","og_url":"https:\/\/www.marianogarau.org\/fr\/concerto-a-los-angeles\/","og_site_name":"Mariano Garau - Compositore","article_published_time":"2024-06-18T10:00:45+00:00","article_modified_time":"2024-06-18T10:13:38+00:00","og_image":[{"width":942,"height":530,"url":"https:\/\/www.marianogarau.org\/wp-content\/uploads\/2024\/06\/marianky-ctk_17186112706017_1024x1024_fft_90.webp","type":"image\/webp"}],"author":"Mariano Garau","twitter_card":"summary_large_image","twitter_creator":"@MarianoGarau","twitter_site":"@MarianoGarau","twitter_misc":{"\u00c9crit par":"Mariano Garau","Dur\u00e9e de lecture estim\u00e9e":"3 minutes"},"schema":{"@context":"https:\/\/schema.org","@graph":[{"@type":"Article","@id":"https:\/\/www.marianogarau.org\/concerto-a-los-angeles\/#article","isPartOf":{"@id":"https:\/\/www.marianogarau.org\/concerto-a-los-angeles\/"},"author":{"name":"Mariano Garau","@id":"https:\/\/www.marianogarau.org\/#\/schema\/person\/e4d73d58aa8bf49287956511f05bd4b0"},"headline":"Concerto a Los Angeles","datePublished":"2024-06-18T10:00:45+00:00","dateModified":"2024-06-18T10:13:38+00:00","mainEntityOfPage":{"@id":"https:\/\/www.marianogarau.org\/concerto-a-los-angeles\/"},"wordCount":1493,"commentCount":0,"publisher":{"@id":"https:\/\/www.marianogarau.org\/#\/schema\/person\/e4d73d58aa8bf49287956511f05bd4b0"},"image":{"@id":"https:\/\/www.marianogarau.org\/concerto-a-los-angeles\/#primaryimage"},"thumbnailUrl":"https:\/\/www.marianogarau.org\/wp-content\/uploads\/2024\/06\/marianky-ctk_17186112706017_1024x1024_fft_90.webp","articleSection":["Eventi"],"inLanguage":"fr-FR","potentialAction":[{"@type":"CommentAction","name":"Comment","target":["https:\/\/www.marianogarau.org\/concerto-a-los-angeles\/#respond"]}]},{"@type":"WebPage","@id":"https:\/\/www.marianogarau.org\/concerto-a-los-angeles\/","url":"https:\/\/www.marianogarau.org\/concerto-a-los-angeles\/","name":"Concert \u00e0 Los Angeles - Mariano Garau - Compositeur","isPartOf":{"@id":"https:\/\/www.marianogarau.org\/#website"},"primaryImageOfPage":{"@id":"https:\/\/www.marianogarau.org\/concerto-a-los-angeles\/#primaryimage"},"image":{"@id":"https:\/\/www.marianogarau.org\/concerto-a-los-angeles\/#primaryimage"},"thumbnailUrl":"https:\/\/www.marianogarau.org\/wp-content\/uploads\/2024\/06\/marianky-ctk_17186112706017_1024x1024_fft_90.webp","datePublished":"2024-06-18T10:00:45+00:00","dateModified":"2024-06-18T10:13:38+00:00","breadcrumb":{"@id":"https:\/\/www.marianogarau.org\/concerto-a-los-angeles\/#breadcrumb"},"inLanguage":"fr-FR","potentialAction":[{"@type":"ReadAction","target":["https:\/\/www.marianogarau.org\/concerto-a-los-angeles\/"]}]},{"@type":"ImageObject","inLanguage":"fr-FR","@id":"https:\/\/www.marianogarau.org\/concerto-a-los-angeles\/#primaryimage","url":"https:\/\/www.marianogarau.org\/wp-content\/uploads\/2024\/06\/marianky-ctk_17186112706017_1024x1024_fft_90.webp","contentUrl":"https:\/\/www.marianogarau.org\/wp-content\/uploads\/2024\/06\/marianky-ctk_17186112706017_1024x1024_fft_90.webp","width":942,"height":530},{"@type":"BreadcrumbList","@id":"https:\/\/www.marianogarau.org\/concerto-a-los-angeles\/#breadcrumb","itemListElement":[{"@type":"ListItem","position":1,"name":"Home","item":"https:\/\/www.marianogarau.org\/"},{"@type":"ListItem","position":2,"name":"Concerto a Los Angeles"}]},{"@type":"WebSite","@id":"https:\/\/www.marianogarau.org\/#website","url":"https:\/\/www.marianogarau.org\/","name":"Mariano Garau - Compositeur","description":"Compositeur de musique","publisher":{"@id":"https:\/\/www.marianogarau.org\/#\/schema\/person\/e4d73d58aa8bf49287956511f05bd4b0"},"potentialAction":[{"@type":"SearchAction","target":{"@type":"EntryPoint","urlTemplate":"https:\/\/www.marianogarau.org\/?s={search_term_string}"},"query-input":{"@type":"PropertyValueSpecification","valueRequired":true,"valueName":"search_term_string"}}],"inLanguage":"fr-FR"},{"@type":["Person","Organization"],"@id":"https:\/\/www.marianogarau.org\/#\/schema\/person\/e4d73d58aa8bf49287956511f05bd4b0","name":"Mariano Garau","image":{"@type":"ImageObject","inLanguage":"fr-FR","@id":"https:\/\/www.marianogarau.org\/wp-content\/uploads\/2017\/05\/MARIANO-GARAU-LOGO-1.png","url":"https:\/\/www.marianogarau.org\/wp-content\/uploads\/2017\/05\/MARIANO-GARAU-LOGO-1.png","contentUrl":"https:\/\/www.marianogarau.org\/wp-content\/uploads\/2017\/05\/MARIANO-GARAU-LOGO-1.png","width":680,"height":312,"caption":"Mariano Garau"},"logo":{"@id":"https:\/\/www.marianogarau.org\/wp-content\/uploads\/2017\/05\/MARIANO-GARAU-LOGO-1.png"},"sameAs":["http:\/\/www.marianogarau.org"]}]}},"_links":{"self":[{"href":"http:\/\/www.marianogarau.org\/fr\/wp-json\/wp\/v2\/posts\/8119","targetHints":{"allow":["GET"]}}],"collection":[{"href":"http:\/\/www.marianogarau.org\/fr\/wp-json\/wp\/v2\/posts"}],"about":[{"href":"http:\/\/www.marianogarau.org\/fr\/wp-json\/wp\/v2\/types\/post"}],"author":[{"embeddable":true,"href":"http:\/\/www.marianogarau.org\/fr\/wp-json\/wp\/v2\/users\/4"}],"replies":[{"embeddable":true,"href":"http:\/\/www.marianogarau.org\/fr\/wp-json\/wp\/v2\/comments?post=8119"}],"version-history":[{"count":0,"href":"http:\/\/www.marianogarau.org\/fr\/wp-json\/wp\/v2\/posts\/8119\/revisions"}],"wp:featuredmedia":[{"embeddable":true,"href":"http:\/\/www.marianogarau.org\/fr\/wp-json\/wp\/v2\/media\/8123"}],"wp:attachment":[{"href":"http:\/\/www.marianogarau.org\/fr\/wp-json\/wp\/v2\/media?parent=8119"}],"wp:term":[{"taxonomy":"category","embeddable":true,"href":"http:\/\/www.marianogarau.org\/fr\/wp-json\/wp\/v2\/categories?post=8119"},{"taxonomy":"post_tag","embeddable":true,"href":"http:\/\/www.marianogarau.org\/fr\/wp-json\/wp\/v2\/tags?post=8119"}],"curies":[{"name":"wp","href":"https:\/\/api.w.org\/{rel}","templated":true}]}}