{"id":7784,"date":"2024-03-24T21:26:37","date_gmt":"2024-03-24T20:26:37","guid":{"rendered":"https:\/\/www.marianogarau.org\/?p=7784"},"modified":"2024-04-18T21:13:11","modified_gmt":"2024-04-18T19:13:11","slug":"concert-anniversaire","status":"publish","type":"post","link":"http:\/\/www.marianogarau.org\/fr\/concert-anniversaire\/","title":{"rendered":"Concert Anniversaire"},"content":{"rendered":"<div  class='flex_column av-2jpzqw-aabc667a78cdb21568849a1f4c2696e9 av_one_third  avia-builder-el-0  el_before_av_one_third  avia-builder-el-first  first flex_column_div'     ><p>\n<style type=\"text\/css\" data-created_by=\"avia_inline_auto\" id=\"style-css-av-lu5yyht5-c40815a0341f7fd0a2e9ec963c1175c6\">\n#top .avia-gallery.av-lu5yyht5-c40815a0341f7fd0a2e9ec963c1175c6 .avia-gallery-thumb a{\nwidth:20%;\n}\n<\/style>\n<div  class='avia-gallery av-lu5yyht5-c40815a0341f7fd0a2e9ec963c1175c6 avia_animate_when_visible  avia-builder-el-1  el_before_av_textblock  avia-builder-el-first  av-hide-gallery-thumbs deactivate_avia_lazyload av-slideshow-ui av-loop-manual-endless av-control-hidden av-navigate-arrows hover-effect av-control-hidden avia-gallery-animate avia-gallery-1'  itemprop=\"image\" itemscope=\"itemscope\" itemtype=\"https:\/\/schema.org\/ImageObject\" ><meta itemprop=\"contentURL\" content=\"http:\/\/www.marianogarau.org\/fr\/concert-anniversaire\/\"><div class='avia-gallery-big-wrapper'><a class='avia-gallery-big fakeLightbox lightbox avia-gallery-big-crop-thumb' href=\"https:\/\/www.marianogarau.org\/wp-content\/uploads\/2024\/03\/137526676_124700882825051_4109240267849237105_n-1030x952.jpg\" data-srcset=\"https:\/\/www.marianogarau.org\/wp-content\/uploads\/2024\/03\/137526676_124700882825051_4109240267849237105_n-1030x952.jpg 1030w, https:\/\/www.marianogarau.org\/wp-content\/uploads\/2024\/03\/137526676_124700882825051_4109240267849237105_n-300x277.jpg 300w, https:\/\/www.marianogarau.org\/wp-content\/uploads\/2024\/03\/137526676_124700882825051_4109240267849237105_n-768x710.jpg 768w, https:\/\/www.marianogarau.org\/wp-content\/uploads\/2024\/03\/137526676_124700882825051_4109240267849237105_n-1536x1419.jpg 1536w, https:\/\/www.marianogarau.org\/wp-content\/uploads\/2024\/03\/137526676_124700882825051_4109240267849237105_n-13x12.jpg 13w, https:\/\/www.marianogarau.org\/wp-content\/uploads\/2024\/03\/137526676_124700882825051_4109240267849237105_n-1500x1386.jpg 1500w, https:\/\/www.marianogarau.org\/wp-content\/uploads\/2024\/03\/137526676_124700882825051_4109240267849237105_n-705x651.jpg 705w, https:\/\/www.marianogarau.org\/wp-content\/uploads\/2024\/03\/137526676_124700882825051_4109240267849237105_n-1320x1219.jpg 1320w, https:\/\/www.marianogarau.org\/wp-content\/uploads\/2024\/03\/137526676_124700882825051_4109240267849237105_n.jpg 2048w\" data-sizes=\"(max-width: 1030px) 100vw, 1030px\"  data-onclick='1' title='Anne-Fran\u00e7oise Andenmatten-Sierro' ><span class='avia-gallery-big-inner'  itemprop=\"thumbnailUrl\" ><img decoding=\"async\" fetchpriority=\"high\" class=\"wp-image-7785 avia-img-lazy-loading-not-7785\"  width=\"495\" height=\"400\" src=\"https:\/\/www.marianogarau.org\/wp-content\/uploads\/2024\/03\/137526676_124700882825051_4109240267849237105_n-495x400.jpg\" title='Anne-Fran\u00e7oise Andenmatten-Sierro' alt='' srcset=\"https:\/\/www.marianogarau.org\/wp-content\/uploads\/2024\/03\/137526676_124700882825051_4109240267849237105_n-495x400.jpg 495w, https:\/\/www.marianogarau.org\/wp-content\/uploads\/2024\/03\/137526676_124700882825051_4109240267849237105_n-13x12.jpg 13w, https:\/\/www.marianogarau.org\/wp-content\/uploads\/2024\/03\/137526676_124700882825051_4109240267849237105_n-845x684.jpg 845w\" sizes=\"(max-width: 495px) 100vw, 495px\" \/><\/span><\/a><\/div><div class='avia-gallery-thumb'><a href=\"https:\/\/www.marianogarau.org\/wp-content\/uploads\/2024\/03\/137526676_124700882825051_4109240267849237105_n-1030x952.jpg\" data-srcset=\"https:\/\/www.marianogarau.org\/wp-content\/uploads\/2024\/03\/137526676_124700882825051_4109240267849237105_n-1030x952.jpg 1030w, https:\/\/www.marianogarau.org\/wp-content\/uploads\/2024\/03\/137526676_124700882825051_4109240267849237105_n-300x277.jpg 300w, https:\/\/www.marianogarau.org\/wp-content\/uploads\/2024\/03\/137526676_124700882825051_4109240267849237105_n-768x710.jpg 768w, https:\/\/www.marianogarau.org\/wp-content\/uploads\/2024\/03\/137526676_124700882825051_4109240267849237105_n-1536x1419.jpg 1536w, https:\/\/www.marianogarau.org\/wp-content\/uploads\/2024\/03\/137526676_124700882825051_4109240267849237105_n-13x12.jpg 13w, https:\/\/www.marianogarau.org\/wp-content\/uploads\/2024\/03\/137526676_124700882825051_4109240267849237105_n-1500x1386.jpg 1500w, https:\/\/www.marianogarau.org\/wp-content\/uploads\/2024\/03\/137526676_124700882825051_4109240267849237105_n-705x651.jpg 705w, https:\/\/www.marianogarau.org\/wp-content\/uploads\/2024\/03\/137526676_124700882825051_4109240267849237105_n-1320x1219.jpg 1320w, https:\/\/www.marianogarau.org\/wp-content\/uploads\/2024\/03\/137526676_124700882825051_4109240267849237105_n.jpg 2048w\" data-sizes=\"(max-width: 1030px) 100vw, 1030px\" data-rel='gallery-1' data-prev-img='https:\/\/www.marianogarau.org\/wp-content\/uploads\/2024\/03\/137526676_124700882825051_4109240267849237105_n-495x400.jpg' class='first_thumb lightbox' data-onclick='1' title='Anne-Fran\u00e7oise Andenmatten-Sierro'  itemprop=\"thumbnailUrl\"  ><img decoding=\"async\" fetchpriority=\"high\" class=\"wp-image-7785 avia-img-lazy-loading-not-7785\"   src=\"https:\/\/www.marianogarau.org\/wp-content\/uploads\/2024\/03\/137526676_124700882825051_4109240267849237105_n-495x400.jpg\" width=\"495\" height=\"400\"  title='Anne-Fran\u00e7oise Andenmatten-Sierro' alt='' srcset=\"https:\/\/www.marianogarau.org\/wp-content\/uploads\/2024\/03\/137526676_124700882825051_4109240267849237105_n-495x400.jpg 495w, https:\/\/www.marianogarau.org\/wp-content\/uploads\/2024\/03\/137526676_124700882825051_4109240267849237105_n-13x12.jpg 13w, https:\/\/www.marianogarau.org\/wp-content\/uploads\/2024\/03\/137526676_124700882825051_4109240267849237105_n-845x684.jpg 845w\" sizes=\"(max-width: 495px) 100vw, 495px\" \/><div class='big-prev-fake'><img decoding=\"async\" loading=\"lazy\" class=\"wp-image-7785 avia-img-lazy-loading-7785\"  width=\"495\" height=\"400\" src=\"https:\/\/www.marianogarau.org\/wp-content\/uploads\/2024\/03\/137526676_124700882825051_4109240267849237105_n-495x400.jpg\" title='Anne-Fran\u00e7oise Andenmatten-Sierro' alt='' srcset=\"https:\/\/www.marianogarau.org\/wp-content\/uploads\/2024\/03\/137526676_124700882825051_4109240267849237105_n-495x400.jpg 495w, https:\/\/www.marianogarau.org\/wp-content\/uploads\/2024\/03\/137526676_124700882825051_4109240267849237105_n-13x12.jpg 13w, https:\/\/www.marianogarau.org\/wp-content\/uploads\/2024\/03\/137526676_124700882825051_4109240267849237105_n-845x684.jpg 845w\" sizes=\"auto, (max-width: 495px) 100vw, 495px\" \/><\/div><\/a><\/div><\/div><br \/>\n<section  class='av_textblock_section av-lu86yo17-3e9dc77f5fab3740c109c98b410b2109'   itemscope=\"itemscope\" itemtype=\"https:\/\/schema.org\/BlogPosting\" itemprop=\"blogPost\" ><div class='avia_textblock'  itemprop=\"text\" ><p><strong>Anne-Fran\u00e7oise Andenmatten-Sierro<\/strong><\/p>\n<p>Une IMMENSE MERCI <strong>Mariano Garau<\/strong> pour le magnifique \"Jesu, Jesu mi in Cruce\", compos\u00e9 sp\u00e9cialement pour notre anniversaire, un merveilleux cadeau, une pi\u00e8ce tout en profondeur et en solennit\u00e9, parsem\u00e9e d'int\u00e9ressants dialogues entre les registres. Nous appr\u00e9cions \u00e9galement le \"Jubilate Deo\" pour ch\u0153ur de femmes et son dynamisme, ses belles lignes m\u00e9lodiques, ses envol\u00e9es jubilatoires.... MILLE MERCIS de nous offrir cette belle et \u00e9mouvante musique. Au plaisir de d\u00e9couvrir encore et encore tes compositions.<\/p>\n<\/div><\/section><\/p><\/div>\n<div  class='flex_column av-2n80s8-042015479f7cc8e4d93fb1b64abb823b av_one_third  avia-builder-el-3  el_after_av_one_third  el_before_av_one_third  flex_column_div'     ><style type=\"text\/css\" data-created_by=\"avia_inline_auto\" id=\"style-css-av-lv5md1af-5139a09974175919736a671b8a575862\">\n#top .avia-gallery.av-lv5md1af-5139a09974175919736a671b8a575862 .avia-gallery-thumb a{\nwidth:20%;\n}\n<\/style>\n<div  class='avia-gallery av-lv5md1af-5139a09974175919736a671b8a575862 avia_animate_when_visible  avia-builder-el-4  avia-builder-el-no-sibling  av-hide-gallery-thumbs deactivate_avia_lazyload av-slideshow-ui av-loop-manual-endless av-control-hidden av-navigate-arrows hover-effect av-control-hidden avia-gallery-animate avia-gallery-2'  itemprop=\"image\" itemscope=\"itemscope\" itemtype=\"https:\/\/schema.org\/ImageObject\" ><meta itemprop=\"contentURL\" content=\"http:\/\/www.marianogarau.org\/fr\/concert-anniversaire\/\"><div class='avia-gallery-big-wrapper'><a class='avia-gallery-big fakeLightbox lightbox avia-gallery-big-crop-thumb' href=\"https:\/\/www.marianogarau.org\/wp-content\/uploads\/2024\/03\/Article-de-presentation-du-concert-anniversaire-No_240417_233139.jpg\" data-srcset=\"https:\/\/www.marianogarau.org\/wp-content\/uploads\/2024\/03\/Article-de-presentation-du-concert-anniversaire-No_240417_233139.jpg 686w, https:\/\/www.marianogarau.org\/wp-content\/uploads\/2024\/03\/Article-de-presentation-du-concert-anniversaire-No_240417_233139-216x300.jpg 216w, https:\/\/www.marianogarau.org\/wp-content\/uploads\/2024\/03\/Article-de-presentation-du-concert-anniversaire-No_240417_233139-9x12.jpg 9w, https:\/\/www.marianogarau.org\/wp-content\/uploads\/2024\/03\/Article-de-presentation-du-concert-anniversaire-No_240417_233139-507x705.jpg 507w\" data-sizes=\"(max-width: 686px) 100vw, 686px\"  data-onclick='1' title='Article de pr\u00e9sentation du concert anniversaire No_240417_233139' ><span class='avia-gallery-big-inner'  itemprop=\"thumbnailUrl\" ><img decoding=\"async\" fetchpriority=\"high\" class=\"wp-image-7862 avia-img-lazy-loading-not-7862\"  width=\"495\" height=\"400\" src=\"https:\/\/www.marianogarau.org\/wp-content\/uploads\/2024\/03\/Article-de-presentation-du-concert-anniversaire-No_240417_233139-495x400.jpg\" title='Article de pr\u00e9sentation du concert anniversaire No_240417_233139' alt='' \/><\/span><\/a><\/div><div class='avia-gallery-thumb'><a href=\"https:\/\/www.marianogarau.org\/wp-content\/uploads\/2024\/03\/Article-de-presentation-du-concert-anniversaire-No_240417_233139.jpg\" data-srcset=\"https:\/\/www.marianogarau.org\/wp-content\/uploads\/2024\/03\/Article-de-presentation-du-concert-anniversaire-No_240417_233139.jpg 686w, https:\/\/www.marianogarau.org\/wp-content\/uploads\/2024\/03\/Article-de-presentation-du-concert-anniversaire-No_240417_233139-216x300.jpg 216w, https:\/\/www.marianogarau.org\/wp-content\/uploads\/2024\/03\/Article-de-presentation-du-concert-anniversaire-No_240417_233139-9x12.jpg 9w, https:\/\/www.marianogarau.org\/wp-content\/uploads\/2024\/03\/Article-de-presentation-du-concert-anniversaire-No_240417_233139-507x705.jpg 507w\" data-sizes=\"(max-width: 686px) 100vw, 686px\" data-rel='gallery-2' data-prev-img='https:\/\/www.marianogarau.org\/wp-content\/uploads\/2024\/03\/Article-de-presentation-du-concert-anniversaire-No_240417_233139-495x400.jpg' class='first_thumb lightbox' data-onclick='1' title='Article de pr\u00e9sentation du concert anniversaire No_240417_233139'  itemprop=\"thumbnailUrl\"  ><img decoding=\"async\" fetchpriority=\"high\" class=\"wp-image-7862 avia-img-lazy-loading-not-7862\"   src=\"https:\/\/www.marianogarau.org\/wp-content\/uploads\/2024\/03\/Article-de-presentation-du-concert-anniversaire-No_240417_233139-495x400.jpg\" width=\"495\" height=\"400\"  title='Article de pr\u00e9sentation du concert anniversaire No_240417_233139' alt='' \/><div class='big-prev-fake'><img decoding=\"async\" loading=\"lazy\" class=\"wp-image-7862 avia-img-lazy-loading-7862\"  width=\"495\" height=\"400\" src=\"https:\/\/www.marianogarau.org\/wp-content\/uploads\/2024\/03\/Article-de-presentation-du-concert-anniversaire-No_240417_233139-495x400.jpg\" title='Article de pr\u00e9sentation du concert anniversaire No_240417_233139' alt='' \/><\/div><\/a><\/div><\/div><\/div><div  class='flex_column av-2e4ins-4f79346d8804e0e0e21dfc97f07ece41 av_one_third  avia-builder-el-5  el_after_av_one_third  avia-builder-el-last  flex_column_div'     ><style type=\"text\/css\" data-created_by=\"avia_inline_auto\" id=\"style-css-av-lu877afo-bef7ddef476c51e979672b311c1281fe\">\n.avia-image-container.av-lu877afo-bef7ddef476c51e979672b311c1281fe img.avia_image{\nbox-shadow:none;\n}\n.avia-image-container.av-lu877afo-bef7ddef476c51e979672b311c1281fe .av-image-caption-overlay-center{\ncolor:#ffffff;\n}\n<\/style>\n<div  class='avia-image-container av-lu877afo-bef7ddef476c51e979672b311c1281fe av-styling- avia-align-center  avia-builder-el-6  avia-builder-el-no-sibling'   itemprop=\"image\" itemscope=\"itemscope\" itemtype=\"https:\/\/schema.org\/ImageObject\" ><div class=\"avia-image-container-inner\"><div class=\"avia-image-overlay-wrap\"><img decoding=\"async\" fetchpriority=\"high\" class='wp-image-7791 avia-img-lazy-loading-not-7791 avia_image' src=\"https:\/\/www.marianogarau.org\/wp-content\/uploads\/2024\/03\/431525385_816371606991305_5415222092609883458_n-726x1030.jpg\" alt='' title=''  height=\"1030\" width=\"726\"  itemprop=\"thumbnailUrl\" srcset=\"https:\/\/www.marianogarau.org\/wp-content\/uploads\/2024\/03\/431525385_816371606991305_5415222092609883458_n-726x1030.jpg 726w, https:\/\/www.marianogarau.org\/wp-content\/uploads\/2024\/03\/431525385_816371606991305_5415222092609883458_n-211x300.jpg 211w, https:\/\/www.marianogarau.org\/wp-content\/uploads\/2024\/03\/431525385_816371606991305_5415222092609883458_n-768x1089.jpg 768w, https:\/\/www.marianogarau.org\/wp-content\/uploads\/2024\/03\/431525385_816371606991305_5415222092609883458_n-8x12.jpg 8w, https:\/\/www.marianogarau.org\/wp-content\/uploads\/2024\/03\/431525385_816371606991305_5415222092609883458_n-1057x1500.jpg 1057w, https:\/\/www.marianogarau.org\/wp-content\/uploads\/2024\/03\/431525385_816371606991305_5415222092609883458_n-497x705.jpg 497w, https:\/\/www.marianogarau.org\/wp-content\/uploads\/2024\/03\/431525385_816371606991305_5415222092609883458_n.jpg 1080w\" sizes=\"(max-width: 726px) 100vw, 726px\" \/><\/div><\/div><\/div><\/div><\/p>","protected":false},"excerpt":{"rendered":"","protected":false},"author":4,"featured_media":7785,"comment_status":"open","ping_status":"open","sticky":false,"template":"","format":"standard","meta":{"footnotes":""},"categories":[3],"tags":[],"class_list":["post-7784","post","type-post","status-publish","format-standard","has-post-thumbnail","hentry","category-eventi"],"yoast_head":"<!-- This site is optimized with the Yoast SEO plugin v27.5 - https:\/\/yoast.com\/product\/yoast-seo-wordpress\/ -->\n<title>Concert Anniversaire - Mariano Garau - Compositore<\/title>\n<meta name=\"robots\" content=\"index, follow, max-snippet:-1, max-image-preview:large, max-video-preview:-1\" \/>\n<link rel=\"canonical\" href=\"https:\/\/www.marianogarau.org\/fr\/concert-anniversaire\/\" \/>\n<meta property=\"og:locale\" content=\"fr_FR\" \/>\n<meta property=\"og:type\" content=\"article\" \/>\n<meta property=\"og:title\" content=\"Concert Anniversaire - Mariano Garau - Compositore\" \/>\n<meta property=\"og:url\" content=\"https:\/\/www.marianogarau.org\/fr\/concert-anniversaire\/\" \/>\n<meta property=\"og:site_name\" content=\"Mariano Garau - Compositore\" \/>\n<meta property=\"article:published_time\" content=\"2024-03-24T20:26:37+00:00\" \/>\n<meta property=\"article:modified_time\" content=\"2024-04-18T19:13:11+00:00\" \/>\n<meta property=\"og:image\" content=\"https:\/\/www.marianogarau.org\/wp-content\/uploads\/2024\/03\/137526676_124700882825051_4109240267849237105_n.jpg\" \/>\n\t<meta property=\"og:image:width\" content=\"2048\" \/>\n\t<meta property=\"og:image:height\" content=\"1892\" \/>\n\t<meta property=\"og:image:type\" content=\"image\/jpeg\" \/>\n<meta name=\"author\" content=\"Mariano Garau\" \/>\n<meta name=\"twitter:card\" content=\"summary_large_image\" \/>\n<meta name=\"twitter:creator\" content=\"@MarianoGarau\" \/>\n<meta name=\"twitter:site\" content=\"@MarianoGarau\" \/>\n<meta name=\"twitter:label1\" content=\"\u00c9crit par\" \/>\n\t<meta name=\"twitter:data1\" content=\"Mariano Garau\" \/>\n\t<meta name=\"twitter:label2\" content=\"Dur\u00e9e de lecture estim\u00e9e\" \/>\n\t<meta name=\"twitter:data2\" content=\"4 minutes\" \/>\n<script type=\"application\/ld+json\" class=\"yoast-schema-graph\">{\"@context\":\"https:\\\/\\\/schema.org\",\"@graph\":[{\"@type\":\"Article\",\"@id\":\"https:\\\/\\\/www.marianogarau.org\\\/concert-anniversaire\\\/#article\",\"isPartOf\":{\"@id\":\"https:\\\/\\\/www.marianogarau.org\\\/concert-anniversaire\\\/\"},\"author\":{\"name\":\"Mariano Garau\",\"@id\":\"https:\\\/\\\/www.marianogarau.org\\\/#\\\/schema\\\/person\\\/e4d73d58aa8bf49287956511f05bd4b0\"},\"headline\":\"Concert Anniversaire\",\"datePublished\":\"2024-03-24T20:26:37+00:00\",\"dateModified\":\"2024-04-18T19:13:11+00:00\",\"mainEntityOfPage\":{\"@id\":\"https:\\\/\\\/www.marianogarau.org\\\/concert-anniversaire\\\/\"},\"wordCount\":1546,\"commentCount\":0,\"publisher\":{\"@id\":\"https:\\\/\\\/www.marianogarau.org\\\/#\\\/schema\\\/person\\\/e4d73d58aa8bf49287956511f05bd4b0\"},\"image\":{\"@id\":\"https:\\\/\\\/www.marianogarau.org\\\/concert-anniversaire\\\/#primaryimage\"},\"thumbnailUrl\":\"https:\\\/\\\/www.marianogarau.org\\\/wp-content\\\/uploads\\\/2024\\\/03\\\/137526676_124700882825051_4109240267849237105_n.jpg\",\"articleSection\":[\"Eventi\"],\"inLanguage\":\"fr-FR\",\"potentialAction\":[{\"@type\":\"CommentAction\",\"name\":\"Comment\",\"target\":[\"https:\\\/\\\/www.marianogarau.org\\\/concert-anniversaire\\\/#respond\"]}]},{\"@type\":\"WebPage\",\"@id\":\"https:\\\/\\\/www.marianogarau.org\\\/concert-anniversaire\\\/\",\"url\":\"https:\\\/\\\/www.marianogarau.org\\\/concert-anniversaire\\\/\",\"name\":\"Concert Anniversaire - Mariano Garau - Compositore\",\"isPartOf\":{\"@id\":\"https:\\\/\\\/www.marianogarau.org\\\/#website\"},\"primaryImageOfPage\":{\"@id\":\"https:\\\/\\\/www.marianogarau.org\\\/concert-anniversaire\\\/#primaryimage\"},\"image\":{\"@id\":\"https:\\\/\\\/www.marianogarau.org\\\/concert-anniversaire\\\/#primaryimage\"},\"thumbnailUrl\":\"https:\\\/\\\/www.marianogarau.org\\\/wp-content\\\/uploads\\\/2024\\\/03\\\/137526676_124700882825051_4109240267849237105_n.jpg\",\"datePublished\":\"2024-03-24T20:26:37+00:00\",\"dateModified\":\"2024-04-18T19:13:11+00:00\",\"breadcrumb\":{\"@id\":\"https:\\\/\\\/www.marianogarau.org\\\/concert-anniversaire\\\/#breadcrumb\"},\"inLanguage\":\"fr-FR\",\"potentialAction\":[{\"@type\":\"ReadAction\",\"target\":[\"https:\\\/\\\/www.marianogarau.org\\\/concert-anniversaire\\\/\"]}]},{\"@type\":\"ImageObject\",\"inLanguage\":\"fr-FR\",\"@id\":\"https:\\\/\\\/www.marianogarau.org\\\/concert-anniversaire\\\/#primaryimage\",\"url\":\"https:\\\/\\\/www.marianogarau.org\\\/wp-content\\\/uploads\\\/2024\\\/03\\\/137526676_124700882825051_4109240267849237105_n.jpg\",\"contentUrl\":\"https:\\\/\\\/www.marianogarau.org\\\/wp-content\\\/uploads\\\/2024\\\/03\\\/137526676_124700882825051_4109240267849237105_n.jpg\",\"width\":2048,\"height\":1892},{\"@type\":\"BreadcrumbList\",\"@id\":\"https:\\\/\\\/www.marianogarau.org\\\/concert-anniversaire\\\/#breadcrumb\",\"itemListElement\":[{\"@type\":\"ListItem\",\"position\":1,\"name\":\"Home\",\"item\":\"https:\\\/\\\/www.marianogarau.org\\\/\"},{\"@type\":\"ListItem\",\"position\":2,\"name\":\"Concert Anniversaire\"}]},{\"@type\":\"WebSite\",\"@id\":\"https:\\\/\\\/www.marianogarau.org\\\/#website\",\"url\":\"https:\\\/\\\/www.marianogarau.org\\\/\",\"name\":\"Mariano Garau - Compositore\",\"description\":\"Compositore di Musica\",\"publisher\":{\"@id\":\"https:\\\/\\\/www.marianogarau.org\\\/#\\\/schema\\\/person\\\/e4d73d58aa8bf49287956511f05bd4b0\"},\"potentialAction\":[{\"@type\":\"SearchAction\",\"target\":{\"@type\":\"EntryPoint\",\"urlTemplate\":\"https:\\\/\\\/www.marianogarau.org\\\/?s={search_term_string}\"},\"query-input\":{\"@type\":\"PropertyValueSpecification\",\"valueRequired\":true,\"valueName\":\"search_term_string\"}}],\"inLanguage\":\"fr-FR\"},{\"@type\":[\"Person\",\"Organization\"],\"@id\":\"https:\\\/\\\/www.marianogarau.org\\\/#\\\/schema\\\/person\\\/e4d73d58aa8bf49287956511f05bd4b0\",\"name\":\"Mariano Garau\",\"image\":{\"@type\":\"ImageObject\",\"inLanguage\":\"fr-FR\",\"@id\":\"https:\\\/\\\/www.marianogarau.org\\\/wp-content\\\/uploads\\\/2017\\\/05\\\/MARIANO-GARAU-LOGO-1.png\",\"url\":\"https:\\\/\\\/www.marianogarau.org\\\/wp-content\\\/uploads\\\/2017\\\/05\\\/MARIANO-GARAU-LOGO-1.png\",\"contentUrl\":\"https:\\\/\\\/www.marianogarau.org\\\/wp-content\\\/uploads\\\/2017\\\/05\\\/MARIANO-GARAU-LOGO-1.png\",\"width\":680,\"height\":312,\"caption\":\"Mariano Garau\"},\"logo\":{\"@id\":\"https:\\\/\\\/www.marianogarau.org\\\/wp-content\\\/uploads\\\/2017\\\/05\\\/MARIANO-GARAU-LOGO-1.png\"},\"sameAs\":[\"http:\\\/\\\/www.marianogarau.org\"]}]}<\/script>\n<!-- \/ Yoast SEO plugin. -->","yoast_head_json":{"title":"Concert Anniversaire - Mariano Garau - Compositeur","robots":{"index":"index","follow":"follow","max-snippet":"max-snippet:-1","max-image-preview":"max-image-preview:large","max-video-preview":"max-video-preview:-1"},"canonical":"https:\/\/www.marianogarau.org\/fr\/concert-anniversaire\/","og_locale":"fr_FR","og_type":"article","og_title":"Concert Anniversaire - Mariano Garau - Compositore","og_url":"https:\/\/www.marianogarau.org\/fr\/concert-anniversaire\/","og_site_name":"Mariano Garau - Compositore","article_published_time":"2024-03-24T20:26:37+00:00","article_modified_time":"2024-04-18T19:13:11+00:00","og_image":[{"width":2048,"height":1892,"url":"https:\/\/www.marianogarau.org\/wp-content\/uploads\/2024\/03\/137526676_124700882825051_4109240267849237105_n.jpg","type":"image\/jpeg"}],"author":"Mariano Garau","twitter_card":"summary_large_image","twitter_creator":"@MarianoGarau","twitter_site":"@MarianoGarau","twitter_misc":{"\u00c9crit par":"Mariano Garau","Dur\u00e9e de lecture estim\u00e9e":"4 minutes"},"schema":{"@context":"https:\/\/schema.org","@graph":[{"@type":"Article","@id":"https:\/\/www.marianogarau.org\/concert-anniversaire\/#article","isPartOf":{"@id":"https:\/\/www.marianogarau.org\/concert-anniversaire\/"},"author":{"name":"Mariano Garau","@id":"https:\/\/www.marianogarau.org\/#\/schema\/person\/e4d73d58aa8bf49287956511f05bd4b0"},"headline":"Concert Anniversaire","datePublished":"2024-03-24T20:26:37+00:00","dateModified":"2024-04-18T19:13:11+00:00","mainEntityOfPage":{"@id":"https:\/\/www.marianogarau.org\/concert-anniversaire\/"},"wordCount":1546,"commentCount":0,"publisher":{"@id":"https:\/\/www.marianogarau.org\/#\/schema\/person\/e4d73d58aa8bf49287956511f05bd4b0"},"image":{"@id":"https:\/\/www.marianogarau.org\/concert-anniversaire\/#primaryimage"},"thumbnailUrl":"https:\/\/www.marianogarau.org\/wp-content\/uploads\/2024\/03\/137526676_124700882825051_4109240267849237105_n.jpg","articleSection":["Eventi"],"inLanguage":"fr-FR","potentialAction":[{"@type":"CommentAction","name":"Comment","target":["https:\/\/www.marianogarau.org\/concert-anniversaire\/#respond"]}]},{"@type":"WebPage","@id":"https:\/\/www.marianogarau.org\/concert-anniversaire\/","url":"https:\/\/www.marianogarau.org\/concert-anniversaire\/","name":"Concert Anniversaire - Mariano Garau - Compositeur","isPartOf":{"@id":"https:\/\/www.marianogarau.org\/#website"},"primaryImageOfPage":{"@id":"https:\/\/www.marianogarau.org\/concert-anniversaire\/#primaryimage"},"image":{"@id":"https:\/\/www.marianogarau.org\/concert-anniversaire\/#primaryimage"},"thumbnailUrl":"https:\/\/www.marianogarau.org\/wp-content\/uploads\/2024\/03\/137526676_124700882825051_4109240267849237105_n.jpg","datePublished":"2024-03-24T20:26:37+00:00","dateModified":"2024-04-18T19:13:11+00:00","breadcrumb":{"@id":"https:\/\/www.marianogarau.org\/concert-anniversaire\/#breadcrumb"},"inLanguage":"fr-FR","potentialAction":[{"@type":"ReadAction","target":["https:\/\/www.marianogarau.org\/concert-anniversaire\/"]}]},{"@type":"ImageObject","inLanguage":"fr-FR","@id":"https:\/\/www.marianogarau.org\/concert-anniversaire\/#primaryimage","url":"https:\/\/www.marianogarau.org\/wp-content\/uploads\/2024\/03\/137526676_124700882825051_4109240267849237105_n.jpg","contentUrl":"https:\/\/www.marianogarau.org\/wp-content\/uploads\/2024\/03\/137526676_124700882825051_4109240267849237105_n.jpg","width":2048,"height":1892},{"@type":"BreadcrumbList","@id":"https:\/\/www.marianogarau.org\/concert-anniversaire\/#breadcrumb","itemListElement":[{"@type":"ListItem","position":1,"name":"Home","item":"https:\/\/www.marianogarau.org\/"},{"@type":"ListItem","position":2,"name":"Concert Anniversaire"}]},{"@type":"WebSite","@id":"https:\/\/www.marianogarau.org\/#website","url":"https:\/\/www.marianogarau.org\/","name":"Mariano Garau - Compositeur","description":"Compositeur de musique","publisher":{"@id":"https:\/\/www.marianogarau.org\/#\/schema\/person\/e4d73d58aa8bf49287956511f05bd4b0"},"potentialAction":[{"@type":"SearchAction","target":{"@type":"EntryPoint","urlTemplate":"https:\/\/www.marianogarau.org\/?s={search_term_string}"},"query-input":{"@type":"PropertyValueSpecification","valueRequired":true,"valueName":"search_term_string"}}],"inLanguage":"fr-FR"},{"@type":["Person","Organization"],"@id":"https:\/\/www.marianogarau.org\/#\/schema\/person\/e4d73d58aa8bf49287956511f05bd4b0","name":"Mariano Garau","image":{"@type":"ImageObject","inLanguage":"fr-FR","@id":"https:\/\/www.marianogarau.org\/wp-content\/uploads\/2017\/05\/MARIANO-GARAU-LOGO-1.png","url":"https:\/\/www.marianogarau.org\/wp-content\/uploads\/2017\/05\/MARIANO-GARAU-LOGO-1.png","contentUrl":"https:\/\/www.marianogarau.org\/wp-content\/uploads\/2017\/05\/MARIANO-GARAU-LOGO-1.png","width":680,"height":312,"caption":"Mariano Garau"},"logo":{"@id":"https:\/\/www.marianogarau.org\/wp-content\/uploads\/2017\/05\/MARIANO-GARAU-LOGO-1.png"},"sameAs":["http:\/\/www.marianogarau.org"]}]}},"_links":{"self":[{"href":"http:\/\/www.marianogarau.org\/fr\/wp-json\/wp\/v2\/posts\/7784","targetHints":{"allow":["GET"]}}],"collection":[{"href":"http:\/\/www.marianogarau.org\/fr\/wp-json\/wp\/v2\/posts"}],"about":[{"href":"http:\/\/www.marianogarau.org\/fr\/wp-json\/wp\/v2\/types\/post"}],"author":[{"embeddable":true,"href":"http:\/\/www.marianogarau.org\/fr\/wp-json\/wp\/v2\/users\/4"}],"replies":[{"embeddable":true,"href":"http:\/\/www.marianogarau.org\/fr\/wp-json\/wp\/v2\/comments?post=7784"}],"version-history":[{"count":0,"href":"http:\/\/www.marianogarau.org\/fr\/wp-json\/wp\/v2\/posts\/7784\/revisions"}],"wp:featuredmedia":[{"embeddable":true,"href":"http:\/\/www.marianogarau.org\/fr\/wp-json\/wp\/v2\/media\/7785"}],"wp:attachment":[{"href":"http:\/\/www.marianogarau.org\/fr\/wp-json\/wp\/v2\/media?parent=7784"}],"wp:term":[{"taxonomy":"category","embeddable":true,"href":"http:\/\/www.marianogarau.org\/fr\/wp-json\/wp\/v2\/categories?post=7784"},{"taxonomy":"post_tag","embeddable":true,"href":"http:\/\/www.marianogarau.org\/fr\/wp-json\/wp\/v2\/tags?post=7784"}],"curies":[{"name":"wp","href":"https:\/\/api.w.org\/{rel}","templated":true}]}}